{"id":32130,"date":"2023-05-04T11:51:54","date_gmt":"2023-05-04T09:51:54","guid":{"rendered":"https:\/\/flamencomalaga.com\/blog\/el-jaleo-flamenco-ontdek-deze-palo-vorm-uit-malaga\/"},"modified":"2023-05-04T11:51:54","modified_gmt":"2023-05-04T09:51:54","slug":"el-jaleo-flamenco-ontdek-deze-palo-vorm-uit-malaga","status":"publish","type":"post","link":"https:\/\/flamencomalaga.com\/nl\/blog\/el-jaleo-flamenco-ontdek-deze-palo-vorm-uit-malaga\/","title":{"rendered":"El Jaleo Flamenco, ontdek deze &#8220;palo&#8221; (vorm) uit M\u00e1laga"},"content":{"rendered":"<p><span style=\"font-weight: 400;\">Wie heeft er nog nooit in zijn leven de uitdrukking &#8220;Ol\u00e9!&#8221; gehoord? Als je op zoek bent naar een technische definitie van wat de   <\/span><b>Flamenco Jaleo<\/b><span style=\"font-weight: 400;\">Je zult merken dat het synoniem is voor verwarring, wat direct verwijst naar een lawaaierige en levendige omgeving. En dat is ons helemaal niet vreemd. Flamenco is gratie, passie en stijl, maar bovenal is het een artistieke manifestatie vol energie die alles van gebaren tot uitroepen gebruikt om dit uit te drukken.  <\/span><\/p>\n<p><span style=\"font-weight: 400;\">Vandaag leggen we je in dit artikel uit wat de <\/span><b>flamenco jaleos<\/b><span style=\"font-weight: 400;\">hoe ze zijn ontstaan en hun historische invloed op andere palos die daarna zijn ontstaan, zoals buler\u00edas.<\/span><\/p>\n<h2><b>Wat is Jaleo Flamenco?  <\/b><\/h2>\n<p><span style=\"font-weight: 400;\">Als we het hebben over jaleo als flamenco palo, moeten we er rekening mee houden dat er twee soorten gebruik zijn. Enerzijds is er de   <\/span><b>uitroepen van euforie<\/b><span style=\"font-weight: 400;\"> die ze aanmoedigen tijdens de dans die je kunt horen als je een flamenco jaleo show bijwoont in Malaga&#8230; En aan de andere kant, <\/span><b>een genre<\/b><span style=\"font-weight: 400;\"> dat een belangrijke rol speelde in de populaire folklore van de 19e eeuw en dat veel muzikale elementen introduceerde in de wereld van sole\u00e1 en buler\u00edas.<\/span><\/p>\n<p><span style=\"font-weight: 400;\">Tegenwoordig is de <\/span><b>flamencojaleo van Malaga<\/b><span style=\"font-weight: 400;\">  is een soort jotilla of fandango gezongen in de Andalusische cadans, die ook de uitdrukkingen bevat die de flamencoartiesten gedurende de show uitroepen. Hoewel het zo lijkt, zijn het geen uitroepen die toevallig worden gedaan, maar reageren ze op een metriek die op een &#8220;indringende&#8221; manier wordt uitgevoerd, wat het onderscheidt van buler\u00edas en het dichter bij sole\u00e1 brengt, dat zich moet aanpassen aan het ritme van alle genres om de magie die elke flamencovoorstelling moet overbrengen niet te verbreken. <\/span><\/p>\n<h2><b>Waar komt Jaleo vandaan?  <\/b><\/h2>\n<p><span style=\"font-weight: 400;\">Binnen de flamenco komt de jaleo oorspronkelijk uit <\/span><b>Jerez de la Frontera,<\/b><span style=\"font-weight: 400;\">  die voorstellingen boden met een Andalusisch tintje. In de loop der tijd werd het geleidelijk aan minder en verloor het aan kracht, totdat het de chuflas en buler\u00edas werden die aan het begin van de 20e eeuw opkwamen.   <\/span><\/p>\n<p><span style=\"font-weight: 400;\">Velen beschouwen de flamencoklam als een duidelijke voorloper van de &#8220;sole\u00e1&#8221; en veel van zijn varianten, die in onbruik raakten toen de relatieve stijlen uitkristalliseerden, maar de zigeuners van Extremadura slaagden erin ze nieuw leven in te blazen.<\/span><\/p>\n<h2><b>Hoe flamenco jaleo dansen<\/b><\/h2>\n<p><span style=\"font-weight: 400;\">In de <\/span><b>jaleos del flamenco, <\/b> <span style=\"font-weight: 400;\">De maatsoort lijkt erg op die van buler\u00edas, daarom wordt het soms verward, maar de waarheid is dat deze palo zijn eigen unieke frasen en tonaliteiten heeft. In feite moet de jaleo van Malaga flamenco voldoen aan bepaalde kenmerken die het zijn muzikale structuur geven: <\/span><\/p>\n<ul>\n<li style=\"font-weight: 400;\" aria-level=\"1\"><b>Tonaliteit:<\/b><span style=\"font-weight: 400;\"> de melodie\u00ebn nemen tonaliteiten aan die gebaseerd zijn op Andalusische cadensen en, soms, tonale cadensen.<\/span><\/li>\n<li style=\"font-weight: 400;\" aria-level=\"1\"><b>Comp\u00e1s:<\/b><span style=\"font-weight: 400;\"> aan het begin is het gemarkeerd als een buler\u00eda, maar de stijl is zachter en lijkt meer op de &#8220;jotera&#8221;.<\/span><\/li>\n<li style=\"font-weight: 400;\" aria-level=\"1\"><b>Stanza:<\/b><span style=\"font-weight: 400;\"> Normaal gesproken bestaan de coplas uit 3 coupletten, met humoristische teksten, altijd op zoek naar goede moed en plezier.<\/span><\/li>\n<li style=\"font-weight: 400;\" aria-level=\"1\"><b>Clefs:<\/b><span style=\"font-weight: 400;\"> de eerste tel is altijd geaccentueerd, wat deel kan uitmaken van een 3&#215;4 of 3&#215;8 maatsoort, afhankelijk van de snelheid waarmee de uitvoerders willen gaan.<\/span><\/li>\n<\/ul>\n<h2><b>Voorbeelden van Flamenco Jaleos<\/b><\/h2>\n<p><span style=\"font-weight: 400;\">De uitroep &#8220;\u00a1Ol\u00e9!&#8221; is een van de populairste jaleo&#8217;s en is vandaag de dag nog steeds erg aanwezig. Maar de waarheid is dat we talloze   <\/span><b>voorbeelden van jaleo<\/b><span style=\"font-weight: 400;\"> in populaire Spaanse composities. <\/span> <\/p>\n<p><span style=\"font-weight: 400;\">Twee voorbeelden zijn &#8220;<\/span><b><i>En el caf\u00e9 de Chinitas&#8221; en &#8220;Anda jaleo&#8221;, <\/i><\/b><span style=\"font-weight: 400;\">populaire liedjes gecomponeerd door <\/span><b>Federico Garc\u00eda Lorca<\/b><span style=\"font-weight: 400;\">. Beide liedjes werden opgenomen in 1931 en kenden een groot succes, grotendeels dankzij de zangeres Encarnaci\u00f3n L\u00f3pez, bekend als &#8220;La Argentinita&#8221;, die zong en castagnetten speelde terwijl Federico haar begeleidde op de piano.<\/span><\/p>\n<p><span style=\"font-weight: 400;\">Kortom, de <\/span><b>flamenco jaleo<\/b><span style=\"font-weight: 400;\">  is een flamenco palo die tot leven probeert te worden gebracht met gebaren, klappen en geluidsuitdrukkingen om de dansers aan te moedigen. Een zeer artistieke uiting van het stimuleren van de energie die binnen de flamenco wordt ervaren en waarmee het publiek zich kan identificeren. Een werkelijk prachtige kunstuiting voor liefhebbers van dit genre.  <\/span><\/p>\n","protected":false},"excerpt":{"rendered":"<p>Wie heeft er nog nooit in zijn leven de uitdrukking &#8220;Ol\u00e9!&#8221; gehoord? Als je op zoek bent naar een technische definitie van wat de Flamenco JaleoJe zult merken dat het synoniem is voor verwarring, wat direct verwijst naar een lawaaierige en levendige omgeving. En dat is ons helemaal niet vreemd. Flamenco is gratie, passie en [&hellip;]<\/p>\n","protected":false},"author":8,"featured_media":34323,"comment_status":"closed","ping_status":"closed","sticky":false,"template":"","format":"standard","meta":{"_acf_changed":false,"footnotes":""},"categories":[183],"tags":[],"class_list":["post-32130","post","type-post","status-publish","format-standard","has-post-thumbnail","hentry","category-ongecategoriseerd-nl"],"acf":[],"yoast_head":"<!-- This site is optimized with the Yoast SEO plugin v27.4 - https:\/\/yoast.com\/product\/yoast-seo-wordpress\/ -->\n<title>El Jaleo Flamenco, ontdek deze palo uit Malaga | Flamenco Alegr\u00eda<\/title>\n<meta name=\"description\" content=\"Als je op zoek bent naar een definitie van wat Jaleo Flamenco is, zul je merken dat het erg verwarrend is, dus laten we het voor je ophelderen!\" \/>\n<meta name=\"robots\" content=\"index, follow, max-snippet:-1, max-image-preview:large, max-video-preview:-1\" \/>\n<link rel=\"canonical\" href=\"https:\/\/flamencomalaga.com\/nl\/blog\/el-jaleo-flamenco-ontdek-deze-palo-vorm-uit-malaga\/\" \/>\n<meta property=\"og:locale\" content=\"nl_NL\" \/>\n<meta property=\"og:type\" content=\"article\" \/>\n<meta property=\"og:title\" content=\"El Jaleo Flamenco, ontdek deze palo uit Malaga | Flamenco Alegr\u00eda\" \/>\n<meta property=\"og:description\" content=\"Als je op zoek bent naar een definitie van wat Jaleo Flamenco is, zul je merken dat het erg verwarrend is, dus laten we het voor je ophelderen!\" \/>\n<meta property=\"og:url\" content=\"https:\/\/flamencomalaga.com\/nl\/blog\/el-jaleo-flamenco-ontdek-deze-palo-vorm-uit-malaga\/\" \/>\n<meta property=\"og:site_name\" content=\"Flamenco Alegr\u00eda\" \/>\n<meta property=\"article:publisher\" content=\"https:\/\/www.facebook.com\/alegriaflamencomalaga\/?locale=es_ES\" \/>\n<meta property=\"article:published_time\" content=\"2023-05-04T09:51:54+00:00\" \/>\n<meta property=\"og:image\" content=\"https:\/\/flamencomalaga.com\/wp-content\/uploads\/2024\/07\/home-min-510x382-1.jpg?wsr\" \/>\n\t<meta property=\"og:image:width\" content=\"510\" \/>\n\t<meta property=\"og:image:height\" content=\"382\" \/>\n\t<meta property=\"og:image:type\" content=\"image\/jpeg\" \/>\n<meta name=\"author\" content=\"jacinto\" \/>\n<meta name=\"twitter:card\" content=\"summary_large_image\" \/>\n<meta name=\"twitter:label1\" content=\"Geschreven door\" \/>\n\t<meta name=\"twitter:data1\" content=\"jacinto\" \/>\n\t<meta name=\"twitter:label2\" content=\"Geschatte leestijd\" \/>\n\t<meta name=\"twitter:data2\" content=\"3 minuut\" \/>\n<!-- \/ Yoast SEO plugin. -->","yoast_head_json":{"title":"El Jaleo Flamenco, ontdek deze palo uit Malaga | Flamenco Alegr\u00eda","description":"Als je op zoek bent naar een definitie van wat Jaleo Flamenco is, zul je merken dat het erg verwarrend is, dus laten we het voor je ophelderen!","robots":{"index":"index","follow":"follow","max-snippet":"max-snippet:-1","max-image-preview":"max-image-preview:large","max-video-preview":"max-video-preview:-1"},"canonical":"https:\/\/flamencomalaga.com\/nl\/blog\/el-jaleo-flamenco-ontdek-deze-palo-vorm-uit-malaga\/","og_locale":"nl_NL","og_type":"article","og_title":"El Jaleo Flamenco, ontdek deze palo uit Malaga | Flamenco Alegr\u00eda","og_description":"Als je op zoek bent naar een definitie van wat Jaleo Flamenco is, zul je merken dat het erg verwarrend is, dus laten we het voor je ophelderen!","og_url":"https:\/\/flamencomalaga.com\/nl\/blog\/el-jaleo-flamenco-ontdek-deze-palo-vorm-uit-malaga\/","og_site_name":"Flamenco Alegr\u00eda","article_publisher":"https:\/\/www.facebook.com\/alegriaflamencomalaga\/?locale=es_ES","article_published_time":"2023-05-04T09:51:54+00:00","og_image":[{"width":510,"height":382,"url":"https:\/\/flamencomalaga.com\/wp-content\/uploads\/2024\/07\/home-min-510x382-1.jpg?wsr","type":"image\/jpeg"}],"author":"jacinto","twitter_card":"summary_large_image","twitter_misc":{"Geschreven door":"jacinto","Geschatte leestijd":"3 minuut"},"schema":{"@context":"https:\/\/schema.org","@graph":[{"@type":"Article","@id":"https:\/\/flamencomalaga.com\/nl\/blog\/el-jaleo-flamenco-ontdek-deze-palo-vorm-uit-malaga\/#article","isPartOf":{"@id":"https:\/\/flamencomalaga.com\/nl\/blog\/el-jaleo-flamenco-ontdek-deze-palo-vorm-uit-malaga\/"},"author":{"name":"jacinto","@id":"https:\/\/flamencomalaga.com\/nl\/#\/schema\/person\/f24ed06767c15d0a72ee06a7e3c01fc8"},"headline":"El Jaleo Flamenco, ontdek deze &#8220;palo&#8221; (vorm) uit M\u00e1laga","datePublished":"2023-05-04T09:51:54+00:00","mainEntityOfPage":{"@id":"https:\/\/flamencomalaga.com\/nl\/blog\/el-jaleo-flamenco-ontdek-deze-palo-vorm-uit-malaga\/"},"wordCount":671,"publisher":{"@id":"https:\/\/flamencomalaga.com\/nl\/#organization"},"image":{"@id":"https:\/\/flamencomalaga.com\/nl\/blog\/el-jaleo-flamenco-ontdek-deze-palo-vorm-uit-malaga\/#primaryimage"},"thumbnailUrl":"https:\/\/flamencomalaga.com\/wp-content\/uploads\/2023\/05\/jaleo-flamenco-que-es.jpg?wsr","articleSection":["Ongecategoriseerd"],"inLanguage":"nl-NL"},{"@type":"WebPage","@id":"https:\/\/flamencomalaga.com\/nl\/blog\/el-jaleo-flamenco-ontdek-deze-palo-vorm-uit-malaga\/","url":"https:\/\/flamencomalaga.com\/nl\/blog\/el-jaleo-flamenco-ontdek-deze-palo-vorm-uit-malaga\/","name":"El Jaleo Flamenco, ontdek deze palo uit Malaga | Flamenco Alegr\u00eda","isPartOf":{"@id":"https:\/\/flamencomalaga.com\/nl\/#website"},"primaryImageOfPage":{"@id":"https:\/\/flamencomalaga.com\/nl\/blog\/el-jaleo-flamenco-ontdek-deze-palo-vorm-uit-malaga\/#primaryimage"},"image":{"@id":"https:\/\/flamencomalaga.com\/nl\/blog\/el-jaleo-flamenco-ontdek-deze-palo-vorm-uit-malaga\/#primaryimage"},"thumbnailUrl":"https:\/\/flamencomalaga.com\/wp-content\/uploads\/2023\/05\/jaleo-flamenco-que-es.jpg?wsr","datePublished":"2023-05-04T09:51:54+00:00","description":"Als je op zoek bent naar een definitie van wat Jaleo Flamenco is, zul je merken dat het erg verwarrend is, dus laten we het voor je ophelderen!","breadcrumb":{"@id":"https:\/\/flamencomalaga.com\/nl\/blog\/el-jaleo-flamenco-ontdek-deze-palo-vorm-uit-malaga\/#breadcrumb"},"inLanguage":"nl-NL","potentialAction":[{"@type":"ReadAction","target":["https:\/\/flamencomalaga.com\/nl\/blog\/el-jaleo-flamenco-ontdek-deze-palo-vorm-uit-malaga\/"]}]},{"@type":"ImageObject","inLanguage":"nl-NL","@id":"https:\/\/flamencomalaga.com\/nl\/blog\/el-jaleo-flamenco-ontdek-deze-palo-vorm-uit-malaga\/#primaryimage","url":"https:\/\/flamencomalaga.com\/wp-content\/uploads\/2023\/05\/jaleo-flamenco-que-es.jpg?wsr","contentUrl":"https:\/\/flamencomalaga.com\/wp-content\/uploads\/2023\/05\/jaleo-flamenco-que-es.jpg?wsr","width":1000,"height":667,"caption":"espect\u00e1culo jaleo flamenco"},{"@type":"BreadcrumbList","@id":"https:\/\/flamencomalaga.com\/nl\/blog\/el-jaleo-flamenco-ontdek-deze-palo-vorm-uit-malaga\/#breadcrumb","itemListElement":[{"@type":"ListItem","position":1,"name":"Thuis","item":"https:\/\/flamencomalaga.com\/nl\/"},{"@type":"ListItem","position":2,"name":"El Jaleo Flamenco, ontdek deze &#8220;palo&#8221; (vorm) uit M\u00e1laga"}]},{"@type":"WebSite","@id":"https:\/\/flamencomalaga.com\/nl\/#website","url":"https:\/\/flamencomalaga.com\/nl\/","name":"Flamenco Alegr\u00eda y Gastronomia","description":"","publisher":{"@id":"https:\/\/flamencomalaga.com\/nl\/#organization"},"alternateName":"Flamenco Alegr\u00eda","potentialAction":[{"@type":"SearchAction","target":{"@type":"EntryPoint","urlTemplate":"https:\/\/flamencomalaga.com\/nl\/?s={search_term_string}"},"query-input":{"@type":"PropertyValueSpecification","valueRequired":true,"valueName":"search_term_string"}}],"inLanguage":"nl-NL"},{"@type":"Organization","@id":"https:\/\/flamencomalaga.com\/nl\/#organization","name":"Flamenco Alegr\u00eda","alternateName":"Alegr\u00eda - Flamenco y Gastronom\u00eda","url":"https:\/\/flamencomalaga.com\/nl\/","logo":{"@type":"ImageObject","inLanguage":"nl-NL","@id":"https:\/\/flamencomalaga.com\/nl\/#\/schema\/logo\/image\/","url":"https:\/\/flamencomalaga.com\/wp-content\/uploads\/2024\/07\/flamenco-malaga_logo.png?wsr","contentUrl":"https:\/\/flamencomalaga.com\/wp-content\/uploads\/2024\/07\/flamenco-malaga_logo.png?wsr","width":166,"height":85,"caption":"Flamenco Alegr\u00eda"},"image":{"@id":"https:\/\/flamencomalaga.com\/nl\/#\/schema\/logo\/image\/"},"sameAs":["https:\/\/www.facebook.com\/alegriaflamencomalaga\/?locale=es_ES","https:\/\/www.instagram.com\/flamencomalagaalegria","https:\/\/www.tiktok.com\/@flamencomalaga"]},{"@type":"Person","@id":"https:\/\/flamencomalaga.com\/nl\/#\/schema\/person\/f24ed06767c15d0a72ee06a7e3c01fc8","name":"jacinto","image":{"@type":"ImageObject","inLanguage":"nl-NL","@id":"https:\/\/secure.gravatar.com\/avatar\/be9e27bc927e6bdef9e9f8e2560ad975ebc1a341b34619fc9295577418cb58cb?s=96&d=mm&r=g","url":"https:\/\/secure.gravatar.com\/avatar\/be9e27bc927e6bdef9e9f8e2560ad975ebc1a341b34619fc9295577418cb58cb?s=96&d=mm&r=g","contentUrl":"https:\/\/secure.gravatar.com\/avatar\/be9e27bc927e6bdef9e9f8e2560ad975ebc1a341b34619fc9295577418cb58cb?s=96&d=mm&r=g","caption":"jacinto"}}]}},"_links":{"self":[{"href":"https:\/\/flamencomalaga.com\/nl\/wp-json\/wp\/v2\/posts\/32130","targetHints":{"allow":["GET"]}}],"collection":[{"href":"https:\/\/flamencomalaga.com\/nl\/wp-json\/wp\/v2\/posts"}],"about":[{"href":"https:\/\/flamencomalaga.com\/nl\/wp-json\/wp\/v2\/types\/post"}],"author":[{"embeddable":true,"href":"https:\/\/flamencomalaga.com\/nl\/wp-json\/wp\/v2\/users\/8"}],"replies":[{"embeddable":true,"href":"https:\/\/flamencomalaga.com\/nl\/wp-json\/wp\/v2\/comments?post=32130"}],"version-history":[{"count":0,"href":"https:\/\/flamencomalaga.com\/nl\/wp-json\/wp\/v2\/posts\/32130\/revisions"}],"wp:featuredmedia":[{"embeddable":true,"href":"https:\/\/flamencomalaga.com\/nl\/wp-json\/wp\/v2\/media\/34323"}],"wp:attachment":[{"href":"https:\/\/flamencomalaga.com\/nl\/wp-json\/wp\/v2\/media?parent=32130"}],"wp:term":[{"taxonomy":"category","embeddable":true,"href":"https:\/\/flamencomalaga.com\/nl\/wp-json\/wp\/v2\/categories?post=32130"},{"taxonomy":"post_tag","embeddable":true,"href":"https:\/\/flamencomalaga.com\/nl\/wp-json\/wp\/v2\/tags?post=32130"}],"curies":[{"name":"wp","href":"https:\/\/api.w.org\/{rel}","templated":true}]}}