{"id":20722,"date":"2024-06-26T15:10:16","date_gmt":"2024-06-26T13:10:16","guid":{"rendered":"https:\/\/flamencomalaga.com\/blog\/festival-di-flamenco-malaga-2024\/"},"modified":"2024-07-19T07:59:59","modified_gmt":"2024-07-19T07:59:59","slug":"festival-di-flamenco-malaga-2024","status":"publish","type":"post","link":"https:\/\/flamencomalaga.com\/it\/blog\/festival-di-flamenco-malaga-2024\/","title":{"rendered":"Festival di Flamenco Malaga 2024"},"content":{"rendered":"<p><span style=\"font-weight: 400;\">L&#8217;Andalusia \u00e8 nota soprattutto per la sua cultura e la sua arte. Il flamenco \u00e8 il genere musicale spagnolo pi\u00f9 popolare in questa zona ed \u00e8 una delle principali attivit\u00e0 turistiche per chi visita l&#8217;Andalusia. <\/span> <span style=\"font-weight: 400;\">Malaga ha una grande cultura del flamenco e vanta alcuni degli spettacoli e degli artisti di flamenco pi\u00f9 rinomati del paese. <\/span><a href=\"https:\/\/flamencomalaga.com\/it\/blog\/i-piu-noti-artisti-di-flamenco-andaluso\/\" target=\"_blank\" rel=\"noopener\"><span style=\"font-weight: 400;\">artisti di flamenco pi\u00f9 conosciuti nel paese<\/span><\/a><span style=\"font-weight: 400;\">. Infatti, \u00e8 considerata la capitale mondiale del flamenco. Per questo motivo la citt\u00e0 organizza ogni due anni una Biennale di Flamenco e un Festival di Flamenco annuale. Questo festival \u00e8 rivolto sia ai professionisti che ai dilettanti che vogliono imparare dai migliori artisti della scena. <\/span> <span style=\"font-weight: 400;\">Il Festival di Malaga \u00e8 la scusa perfetta per visitare la citt\u00e0 in uno dei momenti pi\u00f9 speciali dell&#8217;anno. Se ti piace la musica, avrai l&#8217;opportunit\u00e0 di assistere a grandi artisti e a spettacoli di flamenco con canti, chitarre, battimani e ballerini. <\/span><\/p>\n<h2><\/h2>\n<h2><span style=\"font-weight: 400;\">Quando si svolger\u00e0 il Festival di Flamenco di Malaga del 2024?<\/span><\/h2>\n<p><span style=\"font-weight: 400;\">Il festival si svolger\u00e0 nell&#8217;ultima settimana di giugno, tra il 24 e il 30 giugno. Per tutta la settimana avrai l&#8217;opportunit\u00e0 di assistere a vari spettacoli e attivit\u00e0, tra cui concerti e persino un flashmob.<\/span><\/p>\n<h2><span style=\"font-weight: 400;\">Eventi e concerti del Festival di Flamenco di Malaga<\/span><\/h2>\n<p><span style=\"font-weight: 400;\">Durante questa settimana si svolgono innumerevoli attivit\u00e0 culturali e spettacoli, la citt\u00e0 ospita un gran numero di artisti di flamenco. Puoi assistere gratuitamente a diversi concerti, anche se ti consigliamo di arrivare in tempo per trovare un posto a sedere e goderti lo spettacolo. <\/span> <span style=\"font-weight: 400;\">Nell&#8217;Auditorium Edgar Neville potrai ammirare i talenti pi\u00f9 internazionali: gli artisti che si esibiscono provengono da paesi come l&#8217;Italia, il Per\u00f9 e la Cina. Nello stesso auditorium si terr\u00e0 anche un concorso per trovare le nuove promesse del flamenco. In questo talent show, chiamato Heels of the Future, vedrai i talenti pi\u00f9 giovani in azione.<\/span> <span style=\"font-weight: 400;\">Venerd\u00ec 28 giugno e sabato 29 giugno si terr\u00e0 uno spettacolo notturno in via Alcazabilla. Alle 22:00, con l&#8217;Alcazaba e il Teatro Romano illuminati sullo sfondo, alcuni dei migliori artisti spagnoli si esibiranno insieme a musicisti chitarristi. Anche questo spettacolo \u00e8 gratuito, ma \u00e8 consigliabile andare presto per trovare un posto a sedere. <\/span><\/p>\n<h2><span style=\"font-weight: 400;\">Flashmob di flamenco<\/span><\/h2>\n<p><span style=\"font-weight: 400;\">Quest&#8217;anno \u00e8 stato organizzato un flashmob per battere il record mondiale di persone che ballano il flamenco contemporaneamente. Nel 2018 hanno partecipato pi\u00f9 di 3900 ballerini e quest&#8217;anno l&#8217;obiettivo \u00e8 di superare questo numero. <\/span><\/p>\n<h2><span style=\"font-weight: 400;\">Goditi uno spettacolo di flamenco durante la cena<\/span><\/h2>\n<p><span style=\"font-weight: 400;\">Un&#8217;altra delle attivit\u00e0 pi\u00f9 comuni a Malaga sono gli spettacoli di flamenco nei bar e nei ristoranti mentre si gusta una cena. <\/span> <span style=\"font-weight: 400;\">Anche se non puoi venire a Malaga durante il Festival di Flamenco, alcuni offrono questo servizio durante tutto l&#8217;anno. Uno dei pi\u00f9 popolari \u00e8 <\/span><a href=\"https:\/\/show.flamencomalaga.com\/it\/?_gl=1*v2jrtt*_gcl_aw*R0NMLjE3MTM4NTkzODguQ2p3S0NBand1SjJ4QmhBM0Vpd0FNVmprVlBvaFRic1JoRzg2X2NJSjlwQWdQOVdTMXN0NXBRR0VzTENtY0g0bk45Z0NhNzA4U2o5cGt4b0NpQmNRQXZEX0J3RQ..*_gcl_au*NDgyMDY3MDQwLjE3MTMzNDE5ODE.*_ga*ODY0NTYzMjM3LjE3MTMzNDE5ODE.*_ga_H7SCXQ5NMB*MTcxOTM5NDk5Ny4yNC4xLjE3MTkzOTUwMDEuNTYuMC4w\" target=\"_blank\" rel=\"noopener\"><span style=\"font-weight: 400;\">Alegr\u00eda Flamenco &amp; Gastronomia <\/span><\/a><span style=\"font-weight: 400;\">dove, a soli 15 minuti dal centro storico di Malaga, potrai gustare la gastronomia andalusa circondato dall&#8217;arte e dal talento dei migliori artisti della citt\u00e0. Prenota il tuo biglietto per assicurarti il posto. <\/span><\/p>\n","protected":false},"excerpt":{"rendered":"<p>L&#8217;Andalusia \u00e8 nota soprattutto per la sua cultura e la sua arte. Il flamenco \u00e8 il genere musicale spagnolo pi\u00f9 popolare in questa zona ed \u00e8 una delle principali attivit\u00e0 turistiche per chi visita l&#8217;Andalusia. Malaga ha una grande cultura del flamenco e vanta alcuni degli spettacoli e degli artisti di flamenco pi\u00f9 rinomati del [&hellip;]<\/p>\n","protected":false},"author":8,"featured_media":20709,"comment_status":"closed","ping_status":"closed","sticky":false,"template":"","format":"standard","meta":{"_acf_changed":false,"footnotes":""},"categories":[5],"tags":[],"class_list":["post-20722","post","type-post","status-publish","format-standard","has-post-thumbnail","hentry","category-non-categorizzato"],"acf":[],"yoast_head":"<!-- This site is optimized with the Yoast SEO plugin v27.4 - https:\/\/yoast.com\/product\/yoast-seo-wordpress\/ -->\n<title>Festival di Flamenco M\u00e1laga 2024 | Flamenco M\u00e1laga<\/title>\n<meta name=\"description\" content=\"Ti raccontiamo tutto quello che devi sapere sul festival di Malaga 2024 per non perderti nulla: date, programma, attivit\u00e0, concerti, ecc.\" \/>\n<meta name=\"robots\" content=\"index, follow, max-snippet:-1, max-image-preview:large, max-video-preview:-1\" \/>\n<link rel=\"canonical\" href=\"https:\/\/flamencomalaga.com\/it\/blog\/festival-di-flamenco-malaga-2024\/\" \/>\n<meta property=\"og:locale\" content=\"it_IT\" \/>\n<meta property=\"og:type\" content=\"article\" \/>\n<meta property=\"og:title\" content=\"Festival di Flamenco M\u00e1laga 2024 | Flamenco M\u00e1laga\" \/>\n<meta property=\"og:description\" content=\"Ti raccontiamo tutto quello che devi sapere sul festival di Malaga 2024 per non perderti nulla: date, programma, attivit\u00e0, concerti, ecc.\" \/>\n<meta property=\"og:url\" content=\"https:\/\/flamencomalaga.com\/it\/blog\/festival-di-flamenco-malaga-2024\/\" \/>\n<meta property=\"og:site_name\" content=\"Flamenco Alegr\u00eda\" \/>\n<meta property=\"article:publisher\" content=\"https:\/\/www.facebook.com\/alegriaflamencomalaga\/?locale=es_ES\" \/>\n<meta property=\"article:published_time\" content=\"2024-06-26T13:10:16+00:00\" \/>\n<meta property=\"article:modified_time\" content=\"2024-07-19T07:59:59+00:00\" \/>\n<meta property=\"og:image\" content=\"https:\/\/flamencomalaga.com\/wp-content\/uploads\/2024\/06\/festival-flamenco-malaga.jpg\" \/>\n\t<meta property=\"og:image:width\" content=\"1080\" \/>\n\t<meta property=\"og:image:height\" content=\"340\" \/>\n\t<meta property=\"og:image:type\" content=\"image\/jpeg\" \/>\n<meta name=\"author\" content=\"jacinto\" \/>\n<meta name=\"twitter:card\" content=\"summary_large_image\" \/>\n<meta name=\"twitter:label1\" content=\"Scritto da\" \/>\n\t<meta name=\"twitter:data1\" content=\"jacinto\" \/>\n\t<meta name=\"twitter:label2\" content=\"Tempo di lettura stimato\" \/>\n\t<meta name=\"twitter:data2\" content=\"3 minuto\" \/>\n<!-- \/ Yoast SEO plugin. -->","yoast_head_json":{"title":"Festival di Flamenco M\u00e1laga 2024 | Flamenco M\u00e1laga","description":"Ti raccontiamo tutto quello che devi sapere sul festival di Malaga 2024 per non perderti nulla: date, programma, attivit\u00e0, concerti, ecc.","robots":{"index":"index","follow":"follow","max-snippet":"max-snippet:-1","max-image-preview":"max-image-preview:large","max-video-preview":"max-video-preview:-1"},"canonical":"https:\/\/flamencomalaga.com\/it\/blog\/festival-di-flamenco-malaga-2024\/","og_locale":"it_IT","og_type":"article","og_title":"Festival di Flamenco M\u00e1laga 2024 | Flamenco M\u00e1laga","og_description":"Ti raccontiamo tutto quello che devi sapere sul festival di Malaga 2024 per non perderti nulla: date, programma, attivit\u00e0, concerti, ecc.","og_url":"https:\/\/flamencomalaga.com\/it\/blog\/festival-di-flamenco-malaga-2024\/","og_site_name":"Flamenco Alegr\u00eda","article_publisher":"https:\/\/www.facebook.com\/alegriaflamencomalaga\/?locale=es_ES","article_published_time":"2024-06-26T13:10:16+00:00","article_modified_time":"2024-07-19T07:59:59+00:00","og_image":[{"width":1080,"height":340,"url":"https:\/\/flamencomalaga.com\/wp-content\/uploads\/2024\/06\/festival-flamenco-malaga.jpg","type":"image\/jpeg"}],"author":"jacinto","twitter_card":"summary_large_image","twitter_misc":{"Scritto da":"jacinto","Tempo di lettura stimato":"3 minuto"},"schema":{"@context":"https:\/\/schema.org","@graph":[{"@type":"Article","@id":"https:\/\/flamencomalaga.com\/it\/blog\/festival-di-flamenco-malaga-2024\/#article","isPartOf":{"@id":"https:\/\/flamencomalaga.com\/it\/blog\/festival-di-flamenco-malaga-2024\/"},"author":{"name":"jacinto","@id":"https:\/\/flamencomalaga.com\/it\/#\/schema\/person\/f24ed06767c15d0a72ee06a7e3c01fc8"},"headline":"Festival di Flamenco Malaga 2024","datePublished":"2024-06-26T13:10:16+00:00","dateModified":"2024-07-19T07:59:59+00:00","mainEntityOfPage":{"@id":"https:\/\/flamencomalaga.com\/it\/blog\/festival-di-flamenco-malaga-2024\/"},"wordCount":485,"publisher":{"@id":"https:\/\/flamencomalaga.com\/it\/#organization"},"image":{"@id":"https:\/\/flamencomalaga.com\/it\/blog\/festival-di-flamenco-malaga-2024\/#primaryimage"},"thumbnailUrl":"https:\/\/flamencomalaga.com\/wp-content\/uploads\/2024\/06\/festival-flamenco-malaga.jpg?wsr","articleSection":["Non categorizzato"],"inLanguage":"it-IT"},{"@type":"WebPage","@id":"https:\/\/flamencomalaga.com\/it\/blog\/festival-di-flamenco-malaga-2024\/","url":"https:\/\/flamencomalaga.com\/it\/blog\/festival-di-flamenco-malaga-2024\/","name":"Festival di Flamenco M\u00e1laga 2024 | Flamenco M\u00e1laga","isPartOf":{"@id":"https:\/\/flamencomalaga.com\/it\/#website"},"primaryImageOfPage":{"@id":"https:\/\/flamencomalaga.com\/it\/blog\/festival-di-flamenco-malaga-2024\/#primaryimage"},"image":{"@id":"https:\/\/flamencomalaga.com\/it\/blog\/festival-di-flamenco-malaga-2024\/#primaryimage"},"thumbnailUrl":"https:\/\/flamencomalaga.com\/wp-content\/uploads\/2024\/06\/festival-flamenco-malaga.jpg?wsr","datePublished":"2024-06-26T13:10:16+00:00","dateModified":"2024-07-19T07:59:59+00:00","description":"Ti raccontiamo tutto quello che devi sapere sul festival di Malaga 2024 per non perderti nulla: date, programma, attivit\u00e0, concerti, ecc.","breadcrumb":{"@id":"https:\/\/flamencomalaga.com\/it\/blog\/festival-di-flamenco-malaga-2024\/#breadcrumb"},"inLanguage":"it-IT","potentialAction":[{"@type":"ReadAction","target":["https:\/\/flamencomalaga.com\/it\/blog\/festival-di-flamenco-malaga-2024\/"]}]},{"@type":"ImageObject","inLanguage":"it-IT","@id":"https:\/\/flamencomalaga.com\/it\/blog\/festival-di-flamenco-malaga-2024\/#primaryimage","url":"https:\/\/flamencomalaga.com\/wp-content\/uploads\/2024\/06\/festival-flamenco-malaga.jpg?wsr","contentUrl":"https:\/\/flamencomalaga.com\/wp-content\/uploads\/2024\/06\/festival-flamenco-malaga.jpg?wsr","width":1080,"height":340,"caption":"Festival de flamenco en M\u00e1laga"},{"@type":"BreadcrumbList","@id":"https:\/\/flamencomalaga.com\/it\/blog\/festival-di-flamenco-malaga-2024\/#breadcrumb","itemListElement":[{"@type":"ListItem","position":1,"name":"Home","item":"https:\/\/flamencomalaga.com\/it\/"},{"@type":"ListItem","position":2,"name":"Festival di Flamenco Malaga 2024"}]},{"@type":"WebSite","@id":"https:\/\/flamencomalaga.com\/it\/#website","url":"https:\/\/flamencomalaga.com\/it\/","name":"Flamenco Alegr\u00eda y Gastronomia","description":"","publisher":{"@id":"https:\/\/flamencomalaga.com\/it\/#organization"},"alternateName":"Flamenco Alegr\u00eda","potentialAction":[{"@type":"SearchAction","target":{"@type":"EntryPoint","urlTemplate":"https:\/\/flamencomalaga.com\/it\/?s={search_term_string}"},"query-input":{"@type":"PropertyValueSpecification","valueRequired":true,"valueName":"search_term_string"}}],"inLanguage":"it-IT"},{"@type":"Organization","@id":"https:\/\/flamencomalaga.com\/it\/#organization","name":"Flamenco Alegr\u00eda","alternateName":"Alegr\u00eda - Flamenco y Gastronom\u00eda","url":"https:\/\/flamencomalaga.com\/it\/","logo":{"@type":"ImageObject","inLanguage":"it-IT","@id":"https:\/\/flamencomalaga.com\/it\/#\/schema\/logo\/image\/","url":"https:\/\/flamencomalaga.com\/wp-content\/uploads\/2024\/07\/flamenco-malaga_logo.png?wsr","contentUrl":"https:\/\/flamencomalaga.com\/wp-content\/uploads\/2024\/07\/flamenco-malaga_logo.png?wsr","width":166,"height":85,"caption":"Flamenco Alegr\u00eda"},"image":{"@id":"https:\/\/flamencomalaga.com\/it\/#\/schema\/logo\/image\/"},"sameAs":["https:\/\/www.facebook.com\/alegriaflamencomalaga\/?locale=es_ES","https:\/\/www.instagram.com\/flamencomalagaalegria","https:\/\/www.tiktok.com\/@flamencomalaga"]},{"@type":"Person","@id":"https:\/\/flamencomalaga.com\/it\/#\/schema\/person\/f24ed06767c15d0a72ee06a7e3c01fc8","name":"jacinto","image":{"@type":"ImageObject","inLanguage":"it-IT","@id":"https:\/\/secure.gravatar.com\/avatar\/be9e27bc927e6bdef9e9f8e2560ad975ebc1a341b34619fc9295577418cb58cb?s=96&d=mm&r=g","url":"https:\/\/secure.gravatar.com\/avatar\/be9e27bc927e6bdef9e9f8e2560ad975ebc1a341b34619fc9295577418cb58cb?s=96&d=mm&r=g","contentUrl":"https:\/\/secure.gravatar.com\/avatar\/be9e27bc927e6bdef9e9f8e2560ad975ebc1a341b34619fc9295577418cb58cb?s=96&d=mm&r=g","caption":"jacinto"}}]}},"_links":{"self":[{"href":"https:\/\/flamencomalaga.com\/it\/wp-json\/wp\/v2\/posts\/20722","targetHints":{"allow":["GET"]}}],"collection":[{"href":"https:\/\/flamencomalaga.com\/it\/wp-json\/wp\/v2\/posts"}],"about":[{"href":"https:\/\/flamencomalaga.com\/it\/wp-json\/wp\/v2\/types\/post"}],"author":[{"embeddable":true,"href":"https:\/\/flamencomalaga.com\/it\/wp-json\/wp\/v2\/users\/8"}],"replies":[{"embeddable":true,"href":"https:\/\/flamencomalaga.com\/it\/wp-json\/wp\/v2\/comments?post=20722"}],"version-history":[{"count":0,"href":"https:\/\/flamencomalaga.com\/it\/wp-json\/wp\/v2\/posts\/20722\/revisions"}],"wp:featuredmedia":[{"embeddable":true,"href":"https:\/\/flamencomalaga.com\/it\/wp-json\/wp\/v2\/media\/20709"}],"wp:attachment":[{"href":"https:\/\/flamencomalaga.com\/it\/wp-json\/wp\/v2\/media?parent=20722"}],"wp:term":[{"taxonomy":"category","embeddable":true,"href":"https:\/\/flamencomalaga.com\/it\/wp-json\/wp\/v2\/categories?post=20722"},{"taxonomy":"post_tag","embeddable":true,"href":"https:\/\/flamencomalaga.com\/it\/wp-json\/wp\/v2\/tags?post=20722"}],"curies":[{"name":"wp","href":"https:\/\/api.w.org\/{rel}","templated":true}]}}