{"id":9273,"date":"2023-05-04T11:51:54","date_gmt":"2023-05-04T09:51:54","guid":{"rendered":"https:\/\/flamencomalaga.com\/el-jaleo-flamenco-decouvrez-ce-palo-forme-de-malaga\/"},"modified":"2025-06-26T16:58:28","modified_gmt":"2025-06-26T14:58:28","slug":"el-jaleo-flamenco-decouvrez-ce-palo-forme-de-malaga","status":"publish","type":"post","link":"https:\/\/flamencomalaga.com\/fr\/blog\/el-jaleo-flamenco-decouvrez-ce-palo-forme-de-malaga\/","title":{"rendered":"El Jaleo Flamenco, d\u00e9couvrez ce \u00ab\u00a0palo\u00a0\u00bb (forme) de Malaga"},"content":{"rendered":"<p><span style=\"font-weight: 400;\">Qui n&rsquo;a pas entendu l&rsquo;expression \u00ab\u00a0Ol\u00e9 !\u00a0\u00bb \u00e0 un moment ou \u00e0 un autre de sa vie ? Si vous cherchez une d\u00e9finition technique de ce qu&rsquo;est l&rsquo;expression \u00ab\u00a0Ol\u00e9 !   <\/span><b>Flamenco Jaleo<\/b><span style=\"font-weight: 400;\">Vous remarquerez qu&rsquo;il est synonyme de confusion, faisant directement allusion \u00e0 un environnement bruyant et anim\u00e9. Ce qui n&rsquo;a rien d&rsquo;\u00e9trange pour nous. Le flamenco, c&rsquo;est la gr\u00e2ce, la passion et le style, mais c&rsquo;est surtout une manifestation artistique pleine d&rsquo;\u00e9nergie qui utilise tout, des gestes aux exclamations, pour l&rsquo;exprimer.  <\/span><\/p>\n<p><span style=\"font-weight: 400;\">Aujourd&rsquo;hui, dans cet article, nous vous expliquons quels sont les <\/span><b>jaleos flamenco<\/b><span style=\"font-weight: 400;\">leur origine et leur influence historique sur d&rsquo;autres palos qui sont apparus par la suite, comme les buler\u00edas.<\/span><\/p>\n<h2><b>Qu&rsquo;est-ce que Jaleo Flamenco ?  <\/b><\/h2>\n<p><span style=\"font-weight: 400;\">Lorsque nous parlons du jaleo en tant que palo flamenco, nous devons tenir compte du fait qu&rsquo;il existe deux types d&rsquo;utilisation. D&rsquo;une part, le   <\/span><b>les exclamations d&rsquo;euphorie<\/b><span style=\"font-weight: 400;\"> qu&rsquo;ils poussent pendant la danse et que l&rsquo;on peut entendre si l&rsquo;on assiste \u00e0 un spectacle de flamenco jaleo \u00e0 Malaga&#8230; Et d&rsquo;autre part, <\/span><b>un genre<\/b><span style=\"font-weight: 400;\"> qui a jou\u00e9 un r\u00f4le important dans le folklore populaire du XIXe si\u00e8cle et qui a introduit de nombreux \u00e9l\u00e9ments musicaux dans le monde de la sole\u00e1 et des buler\u00edas.<\/span><\/p>\n<p><span style=\"font-weight: 400;\">Aujourd&rsquo;hui, le <\/span><b>flamenco jaleo de Malaga<\/b><span style=\"font-weight: 400;\">  est une sorte de jotilla ou de fandango chant\u00e9 dans la cadence andalouse, qui inclut \u00e9galement les expressions que les artistes flamenco exclament tout au long du spectacle. Cependant, bien qu&rsquo;il semble en \u00eatre ainsi, ces exclamations ne sont pas le fruit du hasard, mais r\u00e9pondent \u00e0 une m\u00e9trique ex\u00e9cut\u00e9e de mani\u00e8re \u00ab\u00a0insistante\u00a0\u00bb, ce qui la distingue des buler\u00edas et la rapproche de la sole\u00e1, qui doit s&rsquo;adapter au rythme de tous les genres pour ne pas briser la magie que tout spectacle flamenco se doit de transmettre. <\/span><\/p>\n<h2><b>Quelles sont les origines de Jaleo ?  <\/b><\/h2>\n<p><span style=\"font-weight: 400;\">Dans le flamenco, le jaleo est originaire de <\/span><b>Jerez de la Frontera,<\/b><span style=\"font-weight: 400;\">  qui proposait des spectacles \u00e0 saveur andalouse. Au fil du temps, elle s&rsquo;est progressivement dissoute et a perdu de sa force, jusqu&rsquo;\u00e0 devenir les chuflas et les buler\u00edas qui ont vu le jour au d\u00e9but du XXe si\u00e8cle.   <\/span><\/p>\n<p><span style=\"font-weight: 400;\">Beaucoup consid\u00e8rent le clamor flamenco comme un pr\u00e9d\u00e9cesseur \u00e9vident de la \u00ab\u00a0sole\u00e1\u00a0\u00bb et de ses nombreuses variantes, qui sont tomb\u00e9es en d\u00e9su\u00e9tude lorsque les styles respectifs se sont cristallis\u00e9s, mais les gitans d&rsquo;Estr\u00e9madure ont r\u00e9ussi \u00e0 les faire revivre.<\/span><\/p>\n<h2><b>Comment danser le flamenco jaleo<\/b><\/h2>\n<p><span style=\"font-weight: 400;\">Dans les <\/span><b>jaleos del flamenco, <\/b> <span style=\"font-weight: 400;\">Le m\u00e8tre est tr\u00e8s proche de celui des buler\u00edas, ce qui explique qu&rsquo;il soit parfois confondu, mais la v\u00e9rit\u00e9 est que ce palo poss\u00e8de des phrases et des tonalit\u00e9s qui lui sont propres. En fait, le jaleo du flamenco de Malaga doit se conformer \u00e0 certaines caract\u00e9ristiques qui lui donnent sa structure musicale : <\/span><\/p>\n<ul>\n<li style=\"font-weight: 400;\" aria-level=\"1\"><b>Tonalit\u00e9 :<\/b><span style=\"font-weight: 400;\"> les m\u00e9lodies adoptent des tonalit\u00e9s bas\u00e9es sur la cadence andalouse et, parfois, des cadences tonales.<\/span><\/li>\n<li style=\"font-weight: 400;\" aria-level=\"1\"><b>Comp\u00e1s :<\/b><span style=\"font-weight: 400;\"> au d\u00e9but, il est marqu\u00e9 comme une buler\u00eda, mais le style est plus doux et plus proche de la \u00ab\u00a0jotera\u00a0\u00bb.<\/span><\/li>\n<li style=\"font-weight: 400;\" aria-level=\"1\"><b>Stanza :<\/b><span style=\"font-weight: 400;\"> normalement, les coplas sont de 3 vers, avec des paroles humoristiques, toujours \u00e0 la recherche de la bonne humeur et de l&rsquo;amusement.<\/span><\/li>\n<li style=\"font-weight: 400;\" aria-level=\"1\"><b>Clefs :<\/b><span style=\"font-weight: 400;\"> le premier temps est toujours accentu\u00e9, ce qui peut faire partie d&rsquo;une signature temporelle 3&#215;4 ou 3&#215;8, selon la vitesse \u00e0 laquelle les interpr\u00e8tes veulent aller.<\/span><\/li>\n<\/ul>\n<h2><b>Exemples de Jaleos Flamenco<\/b><\/h2>\n<p><span style=\"font-weight: 400;\">L&rsquo;interjection \u00ab\u00a0\u00a1Ol\u00e9 !\u00a0\u00bb est l&rsquo;un des jaleos les plus populaires et est encore tr\u00e8s pr\u00e9sent aujourd&rsquo;hui. Mais la v\u00e9rit\u00e9 est que l&rsquo;on peut identifier de nombreux   <\/span><b>exemples de jaleo<\/b><span style=\"font-weight: 400;\"> dans des compositions populaires espagnoles. <\/span> <\/p>\n<p><span style=\"font-weight: 400;\">Deux exemples sont \u00ab\u00a0<\/span><b><i>En el caf\u00e9 de Chinitas\u00a0\u00bb et \u00ab\u00a0Anda jaleo\u00a0\u00bb, <\/i><\/b><span style=\"font-weight: 400;\">chansons populaires compos\u00e9es par <\/span><b>Federico Garc\u00eda Lorca<\/b><span style=\"font-weight: 400;\">. Les deux chansons ont \u00e9t\u00e9 enregistr\u00e9es en 1931 et ont connu un grand succ\u00e8s, en grande partie gr\u00e2ce \u00e0 la chanteuse Encarnaci\u00f3n L\u00f3pez, connue sous le nom de \u00ab\u00a0La Argentinita\u00a0\u00bb, qui chantait et jouait des castagnettes tandis que Federico l&rsquo;accompagnait au piano.<\/span><\/p>\n<p><span style=\"font-weight: 400;\">En bref, le <\/span><b>flamenco jaleo<\/b><span style=\"font-weight: 400;\">  est un palo flamenco qui tente de s&rsquo;animer avec des gestes, des battements de mains et des expressions sonores pour encourager les danseurs. Une manifestation tr\u00e8s artistique qui stimule l&rsquo;\u00e9nergie du flamenco et \u00e0 laquelle le public peut s&rsquo;identifier. Une tr\u00e8s belle expression artistique pour les amateurs de ce genre.  <\/span><\/p>\n","protected":false},"excerpt":{"rendered":"<p>Qui n&rsquo;a pas entendu l&rsquo;expression \u00ab\u00a0Ol\u00e9 !\u00a0\u00bb \u00e0 un moment ou \u00e0 un autre de sa vie ? Si vous cherchez une d\u00e9finition technique de ce qu&rsquo;est l&rsquo;expression \u00ab\u00a0Ol\u00e9 ! Flamenco JaleoVous remarquerez qu&rsquo;il est synonyme de confusion, faisant directement allusion \u00e0 un environnement bruyant et anim\u00e9. Ce qui n&rsquo;a rien d&rsquo;\u00e9trange pour nous. Le [&hellip;]<\/p>\n","protected":false},"author":8,"featured_media":6361,"comment_status":"closed","ping_status":"closed","sticky":false,"template":"","format":"standard","meta":{"_acf_changed":false,"footnotes":""},"categories":[181],"tags":[],"class_list":["post-9273","post","type-post","status-publish","format-standard","has-post-thumbnail","hentry","category-sans-categorie"],"acf":[],"yoast_head":"<!-- This site is optimized with the Yoast SEO plugin v27.4 - https:\/\/yoast.com\/product\/yoast-seo-wordpress\/ -->\n<title>El Jaleo Flamenco, d\u00e9couvrez ce palo de Malaga | Flamenco Alegr\u00eda<\/title>\n<meta name=\"description\" content=\"Si vous cherchez une d\u00e9finition de ce qu&#039;est Jaleo Flamenco, vous constaterez que c&#039;est tr\u00e8s confus, alors clarifions les choses pour vous !\" \/>\n<meta name=\"robots\" content=\"index, follow, max-snippet:-1, max-image-preview:large, max-video-preview:-1\" \/>\n<link rel=\"canonical\" href=\"https:\/\/flamencomalaga.com\/fr\/blog\/el-jaleo-flamenco-decouvrez-ce-palo-forme-de-malaga\/\" \/>\n<meta property=\"og:locale\" content=\"fr_FR\" \/>\n<meta property=\"og:type\" content=\"article\" \/>\n<meta property=\"og:title\" content=\"El Jaleo Flamenco, d\u00e9couvrez ce palo de Malaga | Flamenco Alegr\u00eda\" \/>\n<meta property=\"og:description\" content=\"Si vous cherchez une d\u00e9finition de ce qu&#039;est Jaleo Flamenco, vous constaterez que c&#039;est tr\u00e8s confus, alors clarifions les choses pour vous !\" \/>\n<meta property=\"og:url\" content=\"https:\/\/flamencomalaga.com\/fr\/blog\/el-jaleo-flamenco-decouvrez-ce-palo-forme-de-malaga\/\" \/>\n<meta property=\"og:site_name\" content=\"Flamenco Alegr\u00eda\" \/>\n<meta property=\"article:publisher\" content=\"https:\/\/www.facebook.com\/alegriaflamencomalaga\/?locale=es_ES\" \/>\n<meta property=\"article:published_time\" content=\"2023-05-04T09:51:54+00:00\" \/>\n<meta property=\"article:modified_time\" content=\"2025-06-26T14:58:28+00:00\" \/>\n<meta property=\"og:image\" content=\"https:\/\/flamencomalaga.com\/wp-content\/uploads\/2023\/05\/jaleo-flamenco-que-es.jpg\" \/>\n\t<meta property=\"og:image:width\" content=\"1000\" \/>\n\t<meta property=\"og:image:height\" content=\"667\" \/>\n\t<meta property=\"og:image:type\" content=\"image\/jpeg\" \/>\n<meta name=\"author\" content=\"jacinto\" \/>\n<meta name=\"twitter:card\" content=\"summary_large_image\" \/>\n<meta name=\"twitter:label1\" content=\"\u00c9crit par\" \/>\n\t<meta name=\"twitter:data1\" content=\"jacinto\" \/>\n\t<meta name=\"twitter:label2\" content=\"Dur\u00e9e de lecture estim\u00e9e\" \/>\n\t<meta name=\"twitter:data2\" content=\"4 minutes\" \/>\n<!-- \/ Yoast SEO plugin. -->","yoast_head_json":{"title":"El Jaleo Flamenco, d\u00e9couvrez ce palo de Malaga | Flamenco Alegr\u00eda","description":"Si vous cherchez une d\u00e9finition de ce qu'est Jaleo Flamenco, vous constaterez que c'est tr\u00e8s confus, alors clarifions les choses pour vous !","robots":{"index":"index","follow":"follow","max-snippet":"max-snippet:-1","max-image-preview":"max-image-preview:large","max-video-preview":"max-video-preview:-1"},"canonical":"https:\/\/flamencomalaga.com\/fr\/blog\/el-jaleo-flamenco-decouvrez-ce-palo-forme-de-malaga\/","og_locale":"fr_FR","og_type":"article","og_title":"El Jaleo Flamenco, d\u00e9couvrez ce palo de Malaga | Flamenco Alegr\u00eda","og_description":"Si vous cherchez une d\u00e9finition de ce qu'est Jaleo Flamenco, vous constaterez que c'est tr\u00e8s confus, alors clarifions les choses pour vous !","og_url":"https:\/\/flamencomalaga.com\/fr\/blog\/el-jaleo-flamenco-decouvrez-ce-palo-forme-de-malaga\/","og_site_name":"Flamenco Alegr\u00eda","article_publisher":"https:\/\/www.facebook.com\/alegriaflamencomalaga\/?locale=es_ES","article_published_time":"2023-05-04T09:51:54+00:00","article_modified_time":"2025-06-26T14:58:28+00:00","og_image":[{"width":1000,"height":667,"url":"https:\/\/flamencomalaga.com\/wp-content\/uploads\/2023\/05\/jaleo-flamenco-que-es.jpg","type":"image\/jpeg"}],"author":"jacinto","twitter_card":"summary_large_image","twitter_misc":{"\u00c9crit par":"jacinto","Dur\u00e9e de lecture estim\u00e9e":"4 minutes"},"schema":{"@context":"https:\/\/schema.org","@graph":[{"@type":"Article","@id":"https:\/\/flamencomalaga.com\/fr\/blog\/el-jaleo-flamenco-decouvrez-ce-palo-forme-de-malaga\/#article","isPartOf":{"@id":"https:\/\/flamencomalaga.com\/fr\/blog\/el-jaleo-flamenco-decouvrez-ce-palo-forme-de-malaga\/"},"author":{"name":"jacinto","@id":"https:\/\/flamencomalaga.com\/fr\/#\/schema\/person\/f24ed06767c15d0a72ee06a7e3c01fc8"},"headline":"El Jaleo Flamenco, d\u00e9couvrez ce \u00ab\u00a0palo\u00a0\u00bb (forme) de Malaga","datePublished":"2023-05-04T09:51:54+00:00","dateModified":"2025-06-26T14:58:28+00:00","mainEntityOfPage":{"@id":"https:\/\/flamencomalaga.com\/fr\/blog\/el-jaleo-flamenco-decouvrez-ce-palo-forme-de-malaga\/"},"wordCount":771,"publisher":{"@id":"https:\/\/flamencomalaga.com\/fr\/#organization"},"image":{"@id":"https:\/\/flamencomalaga.com\/fr\/blog\/el-jaleo-flamenco-decouvrez-ce-palo-forme-de-malaga\/#primaryimage"},"thumbnailUrl":"https:\/\/flamencomalaga.com\/wp-content\/uploads\/2023\/05\/jaleo-flamenco-que-es.jpg?wsr","articleSection":["Sans cat\u00e9gorie"],"inLanguage":"fr-FR"},{"@type":"WebPage","@id":"https:\/\/flamencomalaga.com\/fr\/blog\/el-jaleo-flamenco-decouvrez-ce-palo-forme-de-malaga\/","url":"https:\/\/flamencomalaga.com\/fr\/blog\/el-jaleo-flamenco-decouvrez-ce-palo-forme-de-malaga\/","name":"El Jaleo Flamenco, d\u00e9couvrez ce palo de Malaga | Flamenco Alegr\u00eda","isPartOf":{"@id":"https:\/\/flamencomalaga.com\/fr\/#website"},"primaryImageOfPage":{"@id":"https:\/\/flamencomalaga.com\/fr\/blog\/el-jaleo-flamenco-decouvrez-ce-palo-forme-de-malaga\/#primaryimage"},"image":{"@id":"https:\/\/flamencomalaga.com\/fr\/blog\/el-jaleo-flamenco-decouvrez-ce-palo-forme-de-malaga\/#primaryimage"},"thumbnailUrl":"https:\/\/flamencomalaga.com\/wp-content\/uploads\/2023\/05\/jaleo-flamenco-que-es.jpg?wsr","datePublished":"2023-05-04T09:51:54+00:00","dateModified":"2025-06-26T14:58:28+00:00","description":"Si vous cherchez une d\u00e9finition de ce qu'est Jaleo Flamenco, vous constaterez que c'est tr\u00e8s confus, alors clarifions les choses pour vous !","breadcrumb":{"@id":"https:\/\/flamencomalaga.com\/fr\/blog\/el-jaleo-flamenco-decouvrez-ce-palo-forme-de-malaga\/#breadcrumb"},"inLanguage":"fr-FR","potentialAction":[{"@type":"ReadAction","target":["https:\/\/flamencomalaga.com\/fr\/blog\/el-jaleo-flamenco-decouvrez-ce-palo-forme-de-malaga\/"]}]},{"@type":"ImageObject","inLanguage":"fr-FR","@id":"https:\/\/flamencomalaga.com\/fr\/blog\/el-jaleo-flamenco-decouvrez-ce-palo-forme-de-malaga\/#primaryimage","url":"https:\/\/flamencomalaga.com\/wp-content\/uploads\/2023\/05\/jaleo-flamenco-que-es.jpg?wsr","contentUrl":"https:\/\/flamencomalaga.com\/wp-content\/uploads\/2023\/05\/jaleo-flamenco-que-es.jpg?wsr","width":1000,"height":667,"caption":"espect\u00e1culo jaleo flamenco"},{"@type":"BreadcrumbList","@id":"https:\/\/flamencomalaga.com\/fr\/blog\/el-jaleo-flamenco-decouvrez-ce-palo-forme-de-malaga\/#breadcrumb","itemListElement":[{"@type":"ListItem","position":1,"name":"Accueil","item":"https:\/\/flamencomalaga.com\/fr\/"},{"@type":"ListItem","position":2,"name":"El Jaleo Flamenco, d\u00e9couvrez ce &#8220;palo&#8221; (forme) de Malaga"}]},{"@type":"WebSite","@id":"https:\/\/flamencomalaga.com\/fr\/#website","url":"https:\/\/flamencomalaga.com\/fr\/","name":"Flamenco Alegr\u00eda y Gastronomia","description":"","publisher":{"@id":"https:\/\/flamencomalaga.com\/fr\/#organization"},"alternateName":"Flamenco Alegr\u00eda","potentialAction":[{"@type":"SearchAction","target":{"@type":"EntryPoint","urlTemplate":"https:\/\/flamencomalaga.com\/fr\/?s={search_term_string}"},"query-input":{"@type":"PropertyValueSpecification","valueRequired":true,"valueName":"search_term_string"}}],"inLanguage":"fr-FR"},{"@type":"Organization","@id":"https:\/\/flamencomalaga.com\/fr\/#organization","name":"Flamenco Alegr\u00eda","alternateName":"Alegr\u00eda - Flamenco y Gastronom\u00eda","url":"https:\/\/flamencomalaga.com\/fr\/","logo":{"@type":"ImageObject","inLanguage":"fr-FR","@id":"https:\/\/flamencomalaga.com\/fr\/#\/schema\/logo\/image\/","url":"https:\/\/flamencomalaga.com\/wp-content\/uploads\/2024\/07\/flamenco-malaga_logo.png?wsr","contentUrl":"https:\/\/flamencomalaga.com\/wp-content\/uploads\/2024\/07\/flamenco-malaga_logo.png?wsr","width":166,"height":85,"caption":"Flamenco Alegr\u00eda"},"image":{"@id":"https:\/\/flamencomalaga.com\/fr\/#\/schema\/logo\/image\/"},"sameAs":["https:\/\/www.facebook.com\/alegriaflamencomalaga\/?locale=es_ES","https:\/\/www.instagram.com\/flamencomalagaalegria","https:\/\/www.tiktok.com\/@flamencomalaga"]},{"@type":"Person","@id":"https:\/\/flamencomalaga.com\/fr\/#\/schema\/person\/f24ed06767c15d0a72ee06a7e3c01fc8","name":"jacinto","image":{"@type":"ImageObject","inLanguage":"fr-FR","@id":"https:\/\/secure.gravatar.com\/avatar\/be9e27bc927e6bdef9e9f8e2560ad975ebc1a341b34619fc9295577418cb58cb?s=96&d=mm&r=g","url":"https:\/\/secure.gravatar.com\/avatar\/be9e27bc927e6bdef9e9f8e2560ad975ebc1a341b34619fc9295577418cb58cb?s=96&d=mm&r=g","contentUrl":"https:\/\/secure.gravatar.com\/avatar\/be9e27bc927e6bdef9e9f8e2560ad975ebc1a341b34619fc9295577418cb58cb?s=96&d=mm&r=g","caption":"jacinto"}}]}},"_links":{"self":[{"href":"https:\/\/flamencomalaga.com\/fr\/wp-json\/wp\/v2\/posts\/9273","targetHints":{"allow":["GET"]}}],"collection":[{"href":"https:\/\/flamencomalaga.com\/fr\/wp-json\/wp\/v2\/posts"}],"about":[{"href":"https:\/\/flamencomalaga.com\/fr\/wp-json\/wp\/v2\/types\/post"}],"author":[{"embeddable":true,"href":"https:\/\/flamencomalaga.com\/fr\/wp-json\/wp\/v2\/users\/8"}],"replies":[{"embeddable":true,"href":"https:\/\/flamencomalaga.com\/fr\/wp-json\/wp\/v2\/comments?post=9273"}],"version-history":[{"count":1,"href":"https:\/\/flamencomalaga.com\/fr\/wp-json\/wp\/v2\/posts\/9273\/revisions"}],"predecessor-version":[{"id":32127,"href":"https:\/\/flamencomalaga.com\/fr\/wp-json\/wp\/v2\/posts\/9273\/revisions\/32127"}],"wp:featuredmedia":[{"embeddable":true,"href":"https:\/\/flamencomalaga.com\/fr\/wp-json\/wp\/v2\/media\/6361"}],"wp:attachment":[{"href":"https:\/\/flamencomalaga.com\/fr\/wp-json\/wp\/v2\/media?parent=9273"}],"wp:term":[{"taxonomy":"category","embeddable":true,"href":"https:\/\/flamencomalaga.com\/fr\/wp-json\/wp\/v2\/categories?post=9273"},{"taxonomy":"post_tag","embeddable":true,"href":"https:\/\/flamencomalaga.com\/fr\/wp-json\/wp\/v2\/tags?post=9273"}],"curies":[{"name":"wp","href":"https:\/\/api.w.org\/{rel}","templated":true}]}}