{"id":14983,"date":"2023-12-19T09:00:51","date_gmt":"2023-12-19T08:00:51","guid":{"rendered":"https:\/\/flamencomalaga.com\/?p=14983"},"modified":"2025-06-26T16:33:52","modified_gmt":"2025-06-26T14:33:52","slug":"meilleurs-guitaristes-flamenco","status":"publish","type":"post","link":"https:\/\/flamencomalaga.com\/fr\/blog\/meilleurs-guitaristes-flamenco\/","title":{"rendered":"Les meilleurs guitaristes flamenco de tous les temps"},"content":{"rendered":"<p>Il est difficile de dresser une liste des meilleurs guitaristes flamenco sans en oublier. Mais voici une petite s\u00e9lection des musiciens les plus populaires et les plus talentueux de l&rsquo;histoire. <\/p>\n<h2>Paco de Lucia<\/h2>\n<p>Francisco Sanchez Gomez, plus connu sous le nom de Paco de Luc\u00eda (Algeciras, 1947-2014), est consid\u00e9r\u00e9 comme le meilleur guitariste flamenco de tous les temps. Musicien et compositeur unique et in\u00e9galable, v\u00e9ritable virtuose de la guitare, il nous a laiss\u00e9 de grandes chansons comme Entre dos aguas. Il a partag\u00e9 l&rsquo;affiche avec de grands artistes tels que Camar\u00f3n, Carlos Santana, Tomatito et John McLaughlin. Il est consid\u00e9r\u00e9 comme le responsable de la diffusion internationale de l&rsquo;art flamenco, gr\u00e2ce \u00e0 la fusion du flamenco avec de nouveaux rythmes tels que le jazz, la bossa nova et la musique classique.   <\/p>\n<h2>Pepe Habichuela<\/h2>\n<p>Pepe Habichuela (Grenade, 1944) est le nom artistique de Jos\u00e9 Antonio Carmona Carmona, un guitariste flamenco gitan espagnol de grand talent et \u00e0 la technique raffin\u00e9e. Il appartient \u00e0 une dynastie flamenca qui a commenc\u00e9 avec son grand-p\u00e8re, connu sous le nom de Habichuela el Viejo, en passant par son p\u00e8re T\u00edo Jos\u00e9 Habichuela, ses fr\u00e8res, et qui se poursuit jusqu&rsquo;\u00e0 aujourd&rsquo;hui avec son fils Josemi Carmona et ses neveux, membres du groupe musical Ketama. Une famille d&rsquo;artistes qui ont le flamenco dans le sang.  <\/p>\n<p>Pepe Habichuela a collabor\u00e9 avec des personnalit\u00e9s aussi renomm\u00e9es que Juanito Valderrama, Camar\u00f3n de la Isla et Enrique Morente. Les albums qu&rsquo;il a enregistr\u00e9s avec ce dernier, Homenaje a D. Antonio Chac\u00f3n et Despegando, sont consid\u00e9r\u00e9s comme des classiques du flamenco et sont indispensables pour ceux qui veulent s&rsquo;initier \u00e0 ce type de musique. Il a notamment re\u00e7u la \u00ab\u00a0Medalla de Oro al M\u00e9rito en las Bellas Artes\u00a0\u00bb (m\u00e9daille d&rsquo;or du m\u00e9rite dans les beaux-arts) en 2018.  <\/p>\n<h2>Tomatito<\/h2>\n<p>Tomatito est un autre grand ma\u00eetre de la guitare espagnole. De son vrai nom Jos\u00e9 Fernandez Torres (Almer\u00eda, 1958), il est issu d&rsquo;une autre dynastie gitane d&rsquo;artistes flamenco. Il a appris \u00e0 jouer de la guitare avec son p\u00e8re, connu sous le nom de \u00ab\u00a0Tomate\u00a0\u00bb, et son grand-p\u00e8re, \u00ab\u00a0Miguel Tomate\u00a0\u00bb. Sa carri\u00e8re artistique d\u00e9bute en 1970, lorsqu&rsquo;il s&rsquo;installe \u00e0 Malaga, se produit dans des tablaos et rencontre Camar\u00f3n de la Isla. En fait, sur l&rsquo;album La leyenda del Tiempo de Camar\u00f3n, c&rsquo;est Tomatito qui joue de la guitare. D&rsquo;autres artistes avec lesquels il a partag\u00e9 la sc\u00e8ne sont Diego el Cigala et Enrique Morente. Tomatito est l&rsquo;un des grands \u00ab\u00a0tocaores\u00a0\u00bb de sa g\u00e9n\u00e9ration.      <\/p>\n<h2>Vicente Amigo<\/h2>\n<p>Vicente Amigo Girol (Guadalcanal, S\u00e9ville, 1967) est l&rsquo;un des meilleurs guitaristes flamenco espagnols. Il joue de la guitare avec une grande virtuosit\u00e9. Il a commenc\u00e9 \u00e0 apprendre \u00e0 jouer de la guitare \u00e0 l&rsquo;\u00e2ge de 8 ans lorsqu&rsquo;il a re\u00e7u la premi\u00e8re guitare de sa collection. El Tomate et Manolo Sanlucar ont \u00e9t\u00e9 ses professeurs. Ce musicien a publi\u00e9 huit albums en solo, mais aussi avec des artistes prestigieux tels que Jos\u00e9 Merc\u00e9, Del Amanecer, un album compos\u00e9 et interpr\u00e9t\u00e9 \u00e0 la guitare par Vicente Amigo.    <\/p>\n<p>Vicente Amigo a re\u00e7u les prix du meilleur auteur et du meilleur compositeur de flamenco, d\u00e9cern\u00e9s par l&rsquo;AIE et la SGAE, en 1999.<\/p>\n<h2>Ni\u00f1o Ricardo<\/h2>\n<p>Manuel Serrap\u00ed S\u00e1nchez (S\u00e9ville, 1904-1972), plus connu sous le nom de Ni\u00f1o Ricardo, \u00e9tait un c\u00e9l\u00e8bre guitariste espagnol, aujourd&rsquo;hui consid\u00e9r\u00e9 comme le pr\u00e9curseur de la guitare flamenca contemporaine. Il a cr\u00e9\u00e9 son propre style et de nouvelles techniques de jeu, se d\u00e9tachant des canons et r\u00e9volutionnant la guitare avec ses propres compositions. \u00c0 l&rsquo;\u00e2ge de 14 ans, il commence \u00e0 se produire dans des tablaos flamencos, o\u00f9 il rencontre de grands chanteurs qu&rsquo;il accompagnera plus tard lors de ses tourn\u00e9es en Espagne et dans d&rsquo;autres pays.<\/p>\n<p>Il a \u00e9galement \u00e9t\u00e9 le professeur de nombreux guitaristes flamenco renomm\u00e9s tels que Paco de Luc\u00eda, Enrique de Melchor, entre autres.<\/p>\n<h2>Diego del Morao<\/h2>\n<p>Un autre grand artiste est Diego del Morao (Jerez de la Frontera, 1978), qui fait partie de la c\u00e9l\u00e8bre lign\u00e9e de guitaristes Los Morao. Il est l&rsquo;un des meilleurs guitaristes flamenco actuels. Il a appris \u00e0 jouer de la guitare \u00e0 l&rsquo;\u00e9cole d&rsquo;El Carbonero. Il a enregistr\u00e9 plusieurs albums \u00e0 la guitare. En voici quelques exemples : Conf\u00ed de fu\u00e1 avec Jos\u00e9 Merc\u00e9, La Rosa Blanca avec Montse Cort\u00e9s et No hay quinto malo de Ni\u00f1a Pastori.    <\/p>\n<h2>Manolo Sanlucar<\/h2>\n<p>Manuel Mu\u00f1oz Alc\u00f3n, plus connu sous le nom de Manolo Sanlucar (Sanl\u00facar de Barrameda, 1943-2022) \u00e9tait un guitariste et compositeur espagnol. Il a \u00e9galement travaill\u00e9 comme professeur, partageant ses connaissances instrumentales dans le cadre de cours \u00e0 l&rsquo;universit\u00e9 Men\u00e9ndez y Pelayo de S\u00e9ville. Cet artiste a baign\u00e9 dans le flamenco d\u00e8s son plus jeune \u00e2ge, car son p\u00e8re, m\u00e9lomane, l&#8217;emmenait \u00e0 Jerez de la Frontera pour qu&rsquo;il apprenne \u00e0 jouer. \u00c0 l&rsquo;\u00e2ge de 8 ans, il se produit d\u00e9j\u00e0 lors d&rsquo;\u00e9v\u00e9nements musicaux, de festivals dans les villages environnants et m\u00eame dans des \u00e9missions de radio. Sa popularit\u00e9 est telle qu&rsquo;\u00e0 l&rsquo;\u00e2ge de 13 ans, Pepe Pinto, un chanteur de flamenco, le sollicite pour faire partie du spectacle de Pepe Marchena, un autre artiste de renom.    <\/p>\n<p>Il a re\u00e7u plusieurs prix tout au long de sa carri\u00e8re artistique : m\u00e9daille d&rsquo;or du m\u00e9rite des beaux-arts en 2015, fils pr\u00e9f\u00e9r\u00e9 de la province de Cadix en 2016 et prix international du flamenco en 2021.<\/p>\n<h2>Daniel Casares<\/h2>\n<p>Daniel Casares (Estepona, 1980) est le plus jeune guitariste et compositeur de cette liste d&rsquo;artistes flamenco prestigieux. \u00c0 son jeune \u00e2ge, il a d\u00e9j\u00e0 enregistr\u00e9 8 albums en solo : Duende Flamenco, La Madrug\u00e1, Coraz\u00f3n de tu alma, Caballero, El Ladr\u00f3n del Agua, Picassares, La luna de Alejandra, qui comprend son interpr\u00e9tation du Concierto de Aranjuez (avec l&rsquo;Orquesta Filarm\u00f3nica de M\u00e1laga) et son dernier album Guitarr\u00edsimo.<br \/>\nIl a jou\u00e9 en accompagnant de grands chanteurs tels que Pitingo, Chucho Vald\u00e9s, Miguel Poveda et Alejandro Sanz. Il a \u00e9galement compos\u00e9 la musique du film espagnol El Disc\u00edpulo.  <\/p>\n<p>Casares a re\u00e7u plusieurs prix : laur\u00e9at du premier concours national de guitare \u00e0 Ja\u00e9n, meilleur artiste de l&rsquo;ann\u00e9e 2000 par Thomson Music, Ace Award de la New York Show Writers Association en 2004.<\/p>\n<p>Voici quelques-uns des meilleurs guitaristes flamenco de l&rsquo;histoire. Pensez-vous que nous en ayons oubli\u00e9 certains ? <\/p>\n","protected":false},"excerpt":{"rendered":"<p>Il est difficile de dresser une liste des meilleurs guitaristes flamenco sans en oublier. Mais voici une petite s\u00e9lection des musiciens les plus populaires et les plus talentueux de l&rsquo;histoire. Paco de Lucia Francisco Sanchez Gomez, plus connu sous le nom de Paco de Luc\u00eda (Algeciras, 1947-2014), est consid\u00e9r\u00e9 comme le meilleur guitariste flamenco de [&hellip;]<\/p>\n","protected":false},"author":8,"featured_media":14977,"comment_status":"closed","ping_status":"closed","sticky":false,"template":"","format":"standard","meta":{"_acf_changed":false,"footnotes":""},"categories":[181],"tags":[],"class_list":["post-14983","post","type-post","status-publish","format-standard","has-post-thumbnail","hentry","category-sans-categorie"],"acf":[],"yoast_head":"<!-- This site is optimized with the Yoast SEO plugin v27.4 - https:\/\/yoast.com\/product\/yoast-seo-wordpress\/ -->\n<title>Les meilleurs guitaristes de flamenco | Flamenco Alegr\u00eda<\/title>\n<meta name=\"description\" content=\"Paco de Lucia, Tomatito, Manolo Sanlucar... voici quelques-uns des guitaristes et compositeurs flamenco qui ont marqu\u00e9 l&#039;histoire. De belles r\u00e9f\u00e9rences !\" \/>\n<meta name=\"robots\" content=\"index, follow, max-snippet:-1, max-image-preview:large, max-video-preview:-1\" \/>\n<link rel=\"canonical\" href=\"https:\/\/flamencomalaga.com\/fr\/blog\/meilleurs-guitaristes-flamenco\/\" \/>\n<meta property=\"og:locale\" content=\"fr_FR\" \/>\n<meta property=\"og:type\" content=\"article\" \/>\n<meta property=\"og:title\" content=\"Les meilleurs guitaristes de flamenco | Flamenco Alegr\u00eda\" \/>\n<meta property=\"og:description\" content=\"Paco de Lucia, Tomatito, Manolo Sanlucar... voici quelques-uns des guitaristes et compositeurs flamenco qui ont marqu\u00e9 l&#039;histoire. De belles r\u00e9f\u00e9rences !\" \/>\n<meta property=\"og:url\" content=\"https:\/\/flamencomalaga.com\/fr\/blog\/meilleurs-guitaristes-flamenco\/\" \/>\n<meta property=\"og:site_name\" content=\"Flamenco Alegr\u00eda\" \/>\n<meta property=\"article:publisher\" content=\"https:\/\/www.facebook.com\/alegriaflamencomalaga\/?locale=es_ES\" \/>\n<meta property=\"article:published_time\" content=\"2023-12-19T08:00:51+00:00\" \/>\n<meta property=\"article:modified_time\" content=\"2025-06-26T14:33:52+00:00\" \/>\n<meta property=\"og:image\" content=\"https:\/\/flamencomalaga.com\/wp-content\/uploads\/2023\/12\/cantaores-historia-flamenco.png\" \/>\n\t<meta property=\"og:image:width\" content=\"1080\" \/>\n\t<meta property=\"og:image:height\" content=\"340\" \/>\n\t<meta property=\"og:image:type\" content=\"image\/png\" \/>\n<meta name=\"author\" content=\"jacinto\" \/>\n<meta name=\"twitter:card\" content=\"summary_large_image\" \/>\n<meta name=\"twitter:label1\" content=\"\u00c9crit par\" \/>\n\t<meta name=\"twitter:data1\" content=\"jacinto\" \/>\n\t<meta name=\"twitter:label2\" content=\"Dur\u00e9e de lecture estim\u00e9e\" \/>\n\t<meta name=\"twitter:data2\" content=\"5 minutes\" \/>\n<!-- \/ Yoast SEO plugin. -->","yoast_head_json":{"title":"Les meilleurs guitaristes de flamenco | Flamenco Alegr\u00eda","description":"Paco de Lucia, Tomatito, Manolo Sanlucar... voici quelques-uns des guitaristes et compositeurs flamenco qui ont marqu\u00e9 l'histoire. De belles r\u00e9f\u00e9rences !","robots":{"index":"index","follow":"follow","max-snippet":"max-snippet:-1","max-image-preview":"max-image-preview:large","max-video-preview":"max-video-preview:-1"},"canonical":"https:\/\/flamencomalaga.com\/fr\/blog\/meilleurs-guitaristes-flamenco\/","og_locale":"fr_FR","og_type":"article","og_title":"Les meilleurs guitaristes de flamenco | Flamenco Alegr\u00eda","og_description":"Paco de Lucia, Tomatito, Manolo Sanlucar... voici quelques-uns des guitaristes et compositeurs flamenco qui ont marqu\u00e9 l'histoire. De belles r\u00e9f\u00e9rences !","og_url":"https:\/\/flamencomalaga.com\/fr\/blog\/meilleurs-guitaristes-flamenco\/","og_site_name":"Flamenco Alegr\u00eda","article_publisher":"https:\/\/www.facebook.com\/alegriaflamencomalaga\/?locale=es_ES","article_published_time":"2023-12-19T08:00:51+00:00","article_modified_time":"2025-06-26T14:33:52+00:00","og_image":[{"width":1080,"height":340,"url":"https:\/\/flamencomalaga.com\/wp-content\/uploads\/2023\/12\/cantaores-historia-flamenco.png","type":"image\/png"}],"author":"jacinto","twitter_card":"summary_large_image","twitter_misc":{"\u00c9crit par":"jacinto","Dur\u00e9e de lecture estim\u00e9e":"5 minutes"},"schema":{"@context":"https:\/\/schema.org","@graph":[{"@type":"Article","@id":"https:\/\/flamencomalaga.com\/fr\/blog\/meilleurs-guitaristes-flamenco\/#article","isPartOf":{"@id":"https:\/\/flamencomalaga.com\/fr\/blog\/meilleurs-guitaristes-flamenco\/"},"author":{"name":"jacinto","@id":"https:\/\/flamencomalaga.com\/fr\/#\/schema\/person\/f24ed06767c15d0a72ee06a7e3c01fc8"},"headline":"Les meilleurs guitaristes flamenco de tous les temps","datePublished":"2023-12-19T08:00:51+00:00","dateModified":"2025-06-26T14:33:52+00:00","mainEntityOfPage":{"@id":"https:\/\/flamencomalaga.com\/fr\/blog\/meilleurs-guitaristes-flamenco\/"},"wordCount":1112,"publisher":{"@id":"https:\/\/flamencomalaga.com\/fr\/#organization"},"image":{"@id":"https:\/\/flamencomalaga.com\/fr\/blog\/meilleurs-guitaristes-flamenco\/#primaryimage"},"thumbnailUrl":"https:\/\/flamencomalaga.com\/wp-content\/uploads\/2023\/12\/cantaores-historia-flamenco.png?wsr","articleSection":["Sans cat\u00e9gorie"],"inLanguage":"fr-FR"},{"@type":"WebPage","@id":"https:\/\/flamencomalaga.com\/fr\/blog\/meilleurs-guitaristes-flamenco\/","url":"https:\/\/flamencomalaga.com\/fr\/blog\/meilleurs-guitaristes-flamenco\/","name":"Les meilleurs guitaristes de flamenco | Flamenco Alegr\u00eda","isPartOf":{"@id":"https:\/\/flamencomalaga.com\/fr\/#website"},"primaryImageOfPage":{"@id":"https:\/\/flamencomalaga.com\/fr\/blog\/meilleurs-guitaristes-flamenco\/#primaryimage"},"image":{"@id":"https:\/\/flamencomalaga.com\/fr\/blog\/meilleurs-guitaristes-flamenco\/#primaryimage"},"thumbnailUrl":"https:\/\/flamencomalaga.com\/wp-content\/uploads\/2023\/12\/cantaores-historia-flamenco.png?wsr","datePublished":"2023-12-19T08:00:51+00:00","dateModified":"2025-06-26T14:33:52+00:00","description":"Paco de Lucia, Tomatito, Manolo Sanlucar... voici quelques-uns des guitaristes et compositeurs flamenco qui ont marqu\u00e9 l'histoire. De belles r\u00e9f\u00e9rences !","breadcrumb":{"@id":"https:\/\/flamencomalaga.com\/fr\/blog\/meilleurs-guitaristes-flamenco\/#breadcrumb"},"inLanguage":"fr-FR","potentialAction":[{"@type":"ReadAction","target":["https:\/\/flamencomalaga.com\/fr\/blog\/meilleurs-guitaristes-flamenco\/"]}]},{"@type":"ImageObject","inLanguage":"fr-FR","@id":"https:\/\/flamencomalaga.com\/fr\/blog\/meilleurs-guitaristes-flamenco\/#primaryimage","url":"https:\/\/flamencomalaga.com\/wp-content\/uploads\/2023\/12\/cantaores-historia-flamenco.png?wsr","contentUrl":"https:\/\/flamencomalaga.com\/wp-content\/uploads\/2023\/12\/cantaores-historia-flamenco.png?wsr","width":1080,"height":340},{"@type":"BreadcrumbList","@id":"https:\/\/flamencomalaga.com\/fr\/blog\/meilleurs-guitaristes-flamenco\/#breadcrumb","itemListElement":[{"@type":"ListItem","position":1,"name":"Accueil","item":"https:\/\/flamencomalaga.com\/fr\/"},{"@type":"ListItem","position":2,"name":"Les meilleurs guitaristes flamenco de tous les temps"}]},{"@type":"WebSite","@id":"https:\/\/flamencomalaga.com\/fr\/#website","url":"https:\/\/flamencomalaga.com\/fr\/","name":"Flamenco Alegr\u00eda y Gastronomia","description":"","publisher":{"@id":"https:\/\/flamencomalaga.com\/fr\/#organization"},"alternateName":"Flamenco Alegr\u00eda","potentialAction":[{"@type":"SearchAction","target":{"@type":"EntryPoint","urlTemplate":"https:\/\/flamencomalaga.com\/fr\/?s={search_term_string}"},"query-input":{"@type":"PropertyValueSpecification","valueRequired":true,"valueName":"search_term_string"}}],"inLanguage":"fr-FR"},{"@type":"Organization","@id":"https:\/\/flamencomalaga.com\/fr\/#organization","name":"Flamenco Alegr\u00eda","alternateName":"Alegr\u00eda - Flamenco y Gastronom\u00eda","url":"https:\/\/flamencomalaga.com\/fr\/","logo":{"@type":"ImageObject","inLanguage":"fr-FR","@id":"https:\/\/flamencomalaga.com\/fr\/#\/schema\/logo\/image\/","url":"https:\/\/flamencomalaga.com\/wp-content\/uploads\/2024\/07\/flamenco-malaga_logo.png?wsr","contentUrl":"https:\/\/flamencomalaga.com\/wp-content\/uploads\/2024\/07\/flamenco-malaga_logo.png?wsr","width":166,"height":85,"caption":"Flamenco Alegr\u00eda"},"image":{"@id":"https:\/\/flamencomalaga.com\/fr\/#\/schema\/logo\/image\/"},"sameAs":["https:\/\/www.facebook.com\/alegriaflamencomalaga\/?locale=es_ES","https:\/\/www.instagram.com\/flamencomalagaalegria","https:\/\/www.tiktok.com\/@flamencomalaga"]},{"@type":"Person","@id":"https:\/\/flamencomalaga.com\/fr\/#\/schema\/person\/f24ed06767c15d0a72ee06a7e3c01fc8","name":"jacinto","image":{"@type":"ImageObject","inLanguage":"fr-FR","@id":"https:\/\/secure.gravatar.com\/avatar\/be9e27bc927e6bdef9e9f8e2560ad975ebc1a341b34619fc9295577418cb58cb?s=96&d=mm&r=g","url":"https:\/\/secure.gravatar.com\/avatar\/be9e27bc927e6bdef9e9f8e2560ad975ebc1a341b34619fc9295577418cb58cb?s=96&d=mm&r=g","contentUrl":"https:\/\/secure.gravatar.com\/avatar\/be9e27bc927e6bdef9e9f8e2560ad975ebc1a341b34619fc9295577418cb58cb?s=96&d=mm&r=g","caption":"jacinto"}}]}},"_links":{"self":[{"href":"https:\/\/flamencomalaga.com\/fr\/wp-json\/wp\/v2\/posts\/14983","targetHints":{"allow":["GET"]}}],"collection":[{"href":"https:\/\/flamencomalaga.com\/fr\/wp-json\/wp\/v2\/posts"}],"about":[{"href":"https:\/\/flamencomalaga.com\/fr\/wp-json\/wp\/v2\/types\/post"}],"author":[{"embeddable":true,"href":"https:\/\/flamencomalaga.com\/fr\/wp-json\/wp\/v2\/users\/8"}],"replies":[{"embeddable":true,"href":"https:\/\/flamencomalaga.com\/fr\/wp-json\/wp\/v2\/comments?post=14983"}],"version-history":[{"count":1,"href":"https:\/\/flamencomalaga.com\/fr\/wp-json\/wp\/v2\/posts\/14983\/revisions"}],"predecessor-version":[{"id":32081,"href":"https:\/\/flamencomalaga.com\/fr\/wp-json\/wp\/v2\/posts\/14983\/revisions\/32081"}],"wp:featuredmedia":[{"embeddable":true,"href":"https:\/\/flamencomalaga.com\/fr\/wp-json\/wp\/v2\/media\/14977"}],"wp:attachment":[{"href":"https:\/\/flamencomalaga.com\/fr\/wp-json\/wp\/v2\/media?parent=14983"}],"wp:term":[{"taxonomy":"category","embeddable":true,"href":"https:\/\/flamencomalaga.com\/fr\/wp-json\/wp\/v2\/categories?post=14983"},{"taxonomy":"post_tag","embeddable":true,"href":"https:\/\/flamencomalaga.com\/fr\/wp-json\/wp\/v2\/tags?post=14983"}],"curies":[{"name":"wp","href":"https:\/\/api.w.org\/{rel}","templated":true}]}}