{"id":9286,"date":"2023-05-04T11:52:46","date_gmt":"2023-05-04T09:52:46","guid":{"rendered":"https:\/\/flamencomalaga.com\/petenera-or-peteneras-origin-and-meaning\/"},"modified":"2025-06-26T16:58:10","modified_gmt":"2025-06-26T14:58:10","slug":"petenera-or-peteneras-origin-and-meaning","status":"publish","type":"post","link":"https:\/\/flamencomalaga.com\/en\/blog\/petenera-or-peteneras-origin-and-meaning\/","title":{"rendered":"Petenera or Peteneras: Origin and Meaning"},"content":{"rendered":"<p><span style=\"font-weight: 400;\">The <\/span><b>petenera<\/b><span style=\"font-weight: 400;\">  is one of the most enigmatic songs in flamenco. A genre shrouded in myth, mystery, and legend whose origin is still quite uncertain. This song has always maintained a close relationship with superstition, as it was said to bring bad luck to all those who performed it (in the same way as the albore\u00e1, a gypsy wedding song). For this reason, many gypsy singers avoided not only singing it but also hearing it.   <\/span><\/p>\n<p><span style=\"font-weight: 400;\">It is <\/span><b>one of the most sentimental flamenco styles<\/b><span style=\"font-weight: 400;\">, composed of<\/span><b> sad and melancholic verses<\/b><span style=\"font-weight: 400;\">, which is almost always performed slowly. But it is also one of the oldest, being one of the most practiced after the classic seguiriyas. <\/span><\/p>\n<p><span style=\"font-weight: 400;\">But, does the expression <\/span><b>\u201csalir por peteneras\u201d and its meaning have anything to do with this genre<\/b><span style=\"font-weight: 400;\">? Today, we&#8217;ll tell you what peteneras consist of and how this expression, which we currently use in our daily lives, originated. <\/span><\/p>\n<h2><b>What are Peteneras?<\/b><\/h2>\n<p><span style=\"font-weight: 400;\">The <\/span><b>peteneras of flamenco<\/b><span style=\"font-weight: 400;\"> are a style characterized by having a compass of four octosyllabic verses which, when sung, usually become six by repeating one and adding another after the group. <\/span> <\/p>\n<p><span style=\"font-weight: 400;\">Its times are regulated by 6\/8 and 3\/4 compasses, placing their strong accents as follows: 1-2-3 1-2-3 1-2 1-2 1-2.<\/span><\/p>\n<h2><b>What is the Origin of the Petenera?<\/b><\/h2>\n<p><span style=\"font-weight: 400;\">The petenera is a genre that already existed before it was adapted to flamenco. According to some experts, they are somewhat related to the   <\/span><b>zarabandas<\/b><span style=\"font-weight: 400;\"> and it is believed that its name comes from the singer known as <\/span><b>\u201cLa Petenera\u201d,<\/b><span style=\"font-weight: 400;\"> native of Paterna de la Rivera, who lived in the 18th century.<\/span><\/p>\n<p><span style=\"font-weight: 400;\">However, there is no theory accepted by all flamenco researchers about its origin. Some think it originated in the American continent, where there is also another genre known by this name in the area of   <\/span><b>Veracruz (Mexico),<\/b><span style=\"font-weight: 400;\"> while others claim that it is <\/span><b>a genre born in Spain.<\/b><\/p>\n<p><span style=\"font-weight: 400;\">At that time, it was thought that peteneras were of Sephardic origin due to the various references to this culture made in several of the lyrics. However, the most solid theory is the one that has its roots in Veracruz, since   <\/span><b>its melodies and harmony are very similar to those of current peteneras.<\/b><\/p>\n<p><span style=\"font-weight: 400;\">In any case, the truth is that the petenera is currently one of the most popular styles of flamenco. It is a very romantic and emotional song, primarily focusing on themes of love and heartbreak. And, although its origin is not entirely clear, it has often been associated with bad luck.  <\/span><\/p>\n<h2><b>Where Does the Expression \u201cIrse Por Peteneras\u201d Come from?<\/b><\/h2>\n<p><span style=\"font-weight: 400;\">The expression <\/span><b>irse or salir por peteneras<\/b><span style=\"font-weight: 400;\">, has an unknown origin. It is used as an idiom when someone we are talking to changes the subject of the conversation to avoid answering or talking about something that doesn&#8217;t interest them. According to the RAE, \u201cTo do or say something out of context\u201d, that is,    <\/span><b>to do or say something that has nothing to do with what is being talked about or dealt with<\/b><span style=\"font-weight: 400;\">, or in a broader sense, \u201cto give an evasive answer, especially when this evasive way of responding is found to be irritating, disrespectful, or criticizable\u201d.<\/span><\/p>\n<p><span style=\"font-weight: 400;\">For example, we can go off on a tangent (irse por peteneras):<\/span><\/p>\n<ul>\n<li style=\"font-weight: 400;\" aria-level=\"1\"><span style=\"font-weight: 400;\">When returning from a place we don&#8217;t want anyone to know about and someone asks us, we respond with a brief \u201cI was around, I don&#8217;t know\u201d.  <\/span><\/li>\n<li style=\"font-weight: 400;\" aria-level=\"1\"><span style=\"font-weight: 400;\">Or when someone asks us to talk about something we don&#8217;t fully know and we don&#8217;t want to look bad in front of others. So, we start telling what we think in as much detail as we can remember.   <\/span><\/li>\n<li style=\"font-weight: 400;\" aria-level=\"1\"><span style=\"font-weight: 400;\">Or when someone has promised something and ends up making excuses, alluding to a series of reasons for not fulfilling the promise.<\/span><\/li>\n<\/ul>\n<p><span style=\"font-weight: 400;\">These types of reactions are common, for example, in the <\/span><b>field of politics,<\/b><span style=\"font-weight: 400;\">  when our leaders try to avoid questions that put them in a tight spot, adorning them with all kinds of flourishes, to try to look good, when in reality the answer often has nothing to do with it. In the end, what is done is to answer without going to the bottom of the issue, going off on a tangent to try to divert attention. <\/span><\/p>\n","protected":false},"excerpt":{"rendered":"<p>The petenera is one of the most enigmatic songs in flamenco. A genre shrouded in myth, mystery, and legend whose origin is still quite uncertain. This song has always maintained a close relationship with superstition, as it was said to bring bad luck to all those who performed it (in the same way as the [&hellip;]<\/p>\n","protected":false},"author":8,"featured_media":6369,"comment_status":"closed","ping_status":"closed","sticky":false,"template":"","format":"standard","meta":{"_acf_changed":false,"footnotes":""},"categories":[2],"tags":[],"class_list":["post-9286","post","type-post","status-publish","format-standard","has-post-thumbnail","hentry","category-sin-categorizar"],"acf":[],"yoast_head":"<!-- This site is optimized with the Yoast SEO plugin v27.4 - https:\/\/yoast.com\/product\/yoast-seo-wordpress\/ -->\n<title>Petenera or Peteneras: Origin and Meaning | Flamenco Alegr\u00eda<\/title>\n<meta name=\"description\" content=\"The petenera is one of the most enigmatic songs in flamenco. We tell you more about it at Flamenco Alegr\u00eda.\" \/>\n<meta name=\"robots\" content=\"index, follow, max-snippet:-1, max-image-preview:large, max-video-preview:-1\" \/>\n<link rel=\"canonical\" href=\"https:\/\/flamencomalaga.com\/en\/blog\/petenera-or-peteneras-origin-and-meaning\/\" \/>\n<meta property=\"og:locale\" content=\"en_US\" \/>\n<meta property=\"og:type\" content=\"article\" \/>\n<meta property=\"og:title\" content=\"Petenera or Peteneras: Origin and Meaning | Flamenco Alegr\u00eda\" \/>\n<meta property=\"og:description\" content=\"The petenera is one of the most enigmatic songs in flamenco. We tell you more about it at Flamenco Alegr\u00eda.\" \/>\n<meta property=\"og:url\" content=\"https:\/\/flamencomalaga.com\/en\/blog\/petenera-or-peteneras-origin-and-meaning\/\" \/>\n<meta property=\"og:site_name\" content=\"Flamenco Alegr\u00eda\" \/>\n<meta property=\"article:publisher\" content=\"https:\/\/www.facebook.com\/alegriaflamencomalaga\/?locale=es_ES\" \/>\n<meta property=\"article:published_time\" content=\"2023-05-04T09:52:46+00:00\" \/>\n<meta property=\"article:modified_time\" content=\"2025-06-26T14:58:10+00:00\" \/>\n<meta property=\"og:image\" content=\"https:\/\/flamencomalaga.com\/wp-content\/uploads\/2023\/04\/petenera-origen.jpg\" \/>\n\t<meta property=\"og:image:width\" content=\"1000\" \/>\n\t<meta property=\"og:image:height\" content=\"667\" \/>\n\t<meta property=\"og:image:type\" content=\"image\/jpeg\" \/>\n<meta name=\"author\" content=\"jacinto\" \/>\n<meta name=\"twitter:card\" content=\"summary_large_image\" \/>\n<meta name=\"twitter:label1\" content=\"Written by\" \/>\n\t<meta name=\"twitter:data1\" content=\"jacinto\" \/>\n\t<meta name=\"twitter:label2\" content=\"Est. reading time\" \/>\n\t<meta name=\"twitter:data2\" content=\"4 minutes\" \/>\n<!-- \/ Yoast SEO plugin. -->","yoast_head_json":{"title":"Petenera or Peteneras: Origin and Meaning | Flamenco Alegr\u00eda","description":"The petenera is one of the most enigmatic songs in flamenco. We tell you more about it at Flamenco Alegr\u00eda.","robots":{"index":"index","follow":"follow","max-snippet":"max-snippet:-1","max-image-preview":"max-image-preview:large","max-video-preview":"max-video-preview:-1"},"canonical":"https:\/\/flamencomalaga.com\/en\/blog\/petenera-or-peteneras-origin-and-meaning\/","og_locale":"en_US","og_type":"article","og_title":"Petenera or Peteneras: Origin and Meaning | Flamenco Alegr\u00eda","og_description":"The petenera is one of the most enigmatic songs in flamenco. We tell you more about it at Flamenco Alegr\u00eda.","og_url":"https:\/\/flamencomalaga.com\/en\/blog\/petenera-or-peteneras-origin-and-meaning\/","og_site_name":"Flamenco Alegr\u00eda","article_publisher":"https:\/\/www.facebook.com\/alegriaflamencomalaga\/?locale=es_ES","article_published_time":"2023-05-04T09:52:46+00:00","article_modified_time":"2025-06-26T14:58:10+00:00","og_image":[{"width":1000,"height":667,"url":"https:\/\/flamencomalaga.com\/wp-content\/uploads\/2023\/04\/petenera-origen.jpg","type":"image\/jpeg"}],"author":"jacinto","twitter_card":"summary_large_image","twitter_misc":{"Written by":"jacinto","Est. reading time":"4 minutes"},"schema":{"@context":"https:\/\/schema.org","@graph":[{"@type":"Article","@id":"https:\/\/flamencomalaga.com\/en\/blog\/petenera-or-peteneras-origin-and-meaning\/#article","isPartOf":{"@id":"https:\/\/flamencomalaga.com\/en\/blog\/petenera-or-peteneras-origin-and-meaning\/"},"author":{"name":"jacinto","@id":"https:\/\/flamencomalaga.com\/en\/#\/schema\/person\/f24ed06767c15d0a72ee06a7e3c01fc8"},"headline":"Petenera or Peteneras: Origin and Meaning","datePublished":"2023-05-04T09:52:46+00:00","dateModified":"2025-06-26T14:58:10+00:00","mainEntityOfPage":{"@id":"https:\/\/flamencomalaga.com\/en\/blog\/petenera-or-peteneras-origin-and-meaning\/"},"wordCount":714,"publisher":{"@id":"https:\/\/flamencomalaga.com\/en\/#organization"},"image":{"@id":"https:\/\/flamencomalaga.com\/en\/blog\/petenera-or-peteneras-origin-and-meaning\/#primaryimage"},"thumbnailUrl":"https:\/\/flamencomalaga.com\/wp-content\/uploads\/2023\/04\/petenera-origen.jpg?wsr","articleSection":["Sin categorizar"],"inLanguage":"en-US"},{"@type":"WebPage","@id":"https:\/\/flamencomalaga.com\/en\/blog\/petenera-or-peteneras-origin-and-meaning\/","url":"https:\/\/flamencomalaga.com\/en\/blog\/petenera-or-peteneras-origin-and-meaning\/","name":"Petenera or Peteneras: Origin and Meaning | Flamenco Alegr\u00eda","isPartOf":{"@id":"https:\/\/flamencomalaga.com\/en\/#website"},"primaryImageOfPage":{"@id":"https:\/\/flamencomalaga.com\/en\/blog\/petenera-or-peteneras-origin-and-meaning\/#primaryimage"},"image":{"@id":"https:\/\/flamencomalaga.com\/en\/blog\/petenera-or-peteneras-origin-and-meaning\/#primaryimage"},"thumbnailUrl":"https:\/\/flamencomalaga.com\/wp-content\/uploads\/2023\/04\/petenera-origen.jpg?wsr","datePublished":"2023-05-04T09:52:46+00:00","dateModified":"2025-06-26T14:58:10+00:00","description":"The petenera is one of the most enigmatic songs in flamenco. We tell you more about it at Flamenco Alegr\u00eda.","breadcrumb":{"@id":"https:\/\/flamencomalaga.com\/en\/blog\/petenera-or-peteneras-origin-and-meaning\/#breadcrumb"},"inLanguage":"en-US","potentialAction":[{"@type":"ReadAction","target":["https:\/\/flamencomalaga.com\/en\/blog\/petenera-or-peteneras-origin-and-meaning\/"]}]},{"@type":"ImageObject","inLanguage":"en-US","@id":"https:\/\/flamencomalaga.com\/en\/blog\/petenera-or-peteneras-origin-and-meaning\/#primaryimage","url":"https:\/\/flamencomalaga.com\/wp-content\/uploads\/2023\/04\/petenera-origen.jpg?wsr","contentUrl":"https:\/\/flamencomalaga.com\/wp-content\/uploads\/2023\/04\/petenera-origen.jpg?wsr","width":1000,"height":667,"caption":"hombre tocando una guitarra ac\u00fastica para acompa\u00f1ar una petenera"},{"@type":"BreadcrumbList","@id":"https:\/\/flamencomalaga.com\/en\/blog\/petenera-or-peteneras-origin-and-meaning\/#breadcrumb","itemListElement":[{"@type":"ListItem","position":1,"name":"Home","item":"https:\/\/flamencomalaga.com\/en\/"},{"@type":"ListItem","position":2,"name":"Petenera or Peteneras: Origin and Meaning"}]},{"@type":"WebSite","@id":"https:\/\/flamencomalaga.com\/en\/#website","url":"https:\/\/flamencomalaga.com\/en\/","name":"Flamenco Alegr\u00eda y Gastronomia","description":"","publisher":{"@id":"https:\/\/flamencomalaga.com\/en\/#organization"},"alternateName":"Flamenco Alegr\u00eda","potentialAction":[{"@type":"SearchAction","target":{"@type":"EntryPoint","urlTemplate":"https:\/\/flamencomalaga.com\/en\/?s={search_term_string}"},"query-input":{"@type":"PropertyValueSpecification","valueRequired":true,"valueName":"search_term_string"}}],"inLanguage":"en-US"},{"@type":"Organization","@id":"https:\/\/flamencomalaga.com\/en\/#organization","name":"Flamenco Alegr\u00eda y Gastronomia","alternateName":"Alegr\u00eda - Flamenco y Gastronom\u00eda","url":"https:\/\/flamencomalaga.com\/en\/","logo":{"@type":"ImageObject","inLanguage":"en-US","@id":"https:\/\/flamencomalaga.com\/en\/#\/schema\/logo\/image\/","url":"https:\/\/flamencomalaga.com\/wp-content\/uploads\/2024\/07\/flamenco-malaga_logo.png?wsr","contentUrl":"https:\/\/flamencomalaga.com\/wp-content\/uploads\/2024\/07\/flamenco-malaga_logo.png?wsr","width":166,"height":85,"caption":"Flamenco Alegr\u00eda y Gastronomia"},"image":{"@id":"https:\/\/flamencomalaga.com\/en\/#\/schema\/logo\/image\/"},"sameAs":["https:\/\/www.facebook.com\/alegriaflamencomalaga\/?locale=es_ES","https:\/\/www.instagram.com\/flamencomalagaalegria","https:\/\/www.tiktok.com\/@flamencomalaga"]},{"@type":"Person","@id":"https:\/\/flamencomalaga.com\/en\/#\/schema\/person\/f24ed06767c15d0a72ee06a7e3c01fc8","name":"jacinto","image":{"@type":"ImageObject","inLanguage":"en-US","@id":"https:\/\/secure.gravatar.com\/avatar\/be9e27bc927e6bdef9e9f8e2560ad975ebc1a341b34619fc9295577418cb58cb?s=96&d=mm&r=g","url":"https:\/\/secure.gravatar.com\/avatar\/be9e27bc927e6bdef9e9f8e2560ad975ebc1a341b34619fc9295577418cb58cb?s=96&d=mm&r=g","contentUrl":"https:\/\/secure.gravatar.com\/avatar\/be9e27bc927e6bdef9e9f8e2560ad975ebc1a341b34619fc9295577418cb58cb?s=96&d=mm&r=g","caption":"jacinto"}}]}},"_links":{"self":[{"href":"https:\/\/flamencomalaga.com\/en\/wp-json\/wp\/v2\/posts\/9286","targetHints":{"allow":["GET"]}}],"collection":[{"href":"https:\/\/flamencomalaga.com\/en\/wp-json\/wp\/v2\/posts"}],"about":[{"href":"https:\/\/flamencomalaga.com\/en\/wp-json\/wp\/v2\/types\/post"}],"author":[{"embeddable":true,"href":"https:\/\/flamencomalaga.com\/en\/wp-json\/wp\/v2\/users\/8"}],"replies":[{"embeddable":true,"href":"https:\/\/flamencomalaga.com\/en\/wp-json\/wp\/v2\/comments?post=9286"}],"version-history":[{"count":1,"href":"https:\/\/flamencomalaga.com\/en\/wp-json\/wp\/v2\/posts\/9286\/revisions"}],"predecessor-version":[{"id":32111,"href":"https:\/\/flamencomalaga.com\/en\/wp-json\/wp\/v2\/posts\/9286\/revisions\/32111"}],"wp:featuredmedia":[{"embeddable":true,"href":"https:\/\/flamencomalaga.com\/en\/wp-json\/wp\/v2\/media\/6369"}],"wp:attachment":[{"href":"https:\/\/flamencomalaga.com\/en\/wp-json\/wp\/v2\/media?parent=9286"}],"wp:term":[{"taxonomy":"category","embeddable":true,"href":"https:\/\/flamencomalaga.com\/en\/wp-json\/wp\/v2\/categories?post=9286"},{"taxonomy":"post_tag","embeddable":true,"href":"https:\/\/flamencomalaga.com\/en\/wp-json\/wp\/v2\/tags?post=9286"}],"curies":[{"name":"wp","href":"https:\/\/api.w.org\/{rel}","templated":true}]}}