{"id":20717,"date":"2024-06-26T15:10:16","date_gmt":"2024-06-26T13:10:16","guid":{"rendered":"https:\/\/flamencomalaga.com\/blog\/malaga-flamenco-festival-2024\/"},"modified":"2024-07-19T07:59:59","modified_gmt":"2024-07-19T07:59:59","slug":"malaga-flamenco-festival-2024","status":"publish","type":"post","link":"https:\/\/flamencomalaga.com\/en\/blog\/malaga-flamenco-festival-2024\/","title":{"rendered":"Malaga Flamenco Festival 2024"},"content":{"rendered":"<p><span style=\"font-weight: 400;\">Andalusia is especially known for its culture and art. Flamenco is the most popular Spanish musical genre in this area, and it is one of the main tourist activities for all those who visit Andalusia. <\/span> <span style=\"font-weight: 400;\">Malaga has a lot of flamenco culture and has some of the most renowned flamenco shows and artists in the country. <\/span><a href=\"https:\/\/flamencomalaga.com\/en\/blog\/the-best-known-andalusian-flamenco-artists\/\" target=\"_blank\" rel=\"noopener\"><span style=\"font-weight: 400;\">flamenco artists with more recognition of the country<\/span><\/a><span style=\"font-weight: 400;\">. In fact, it is considered the world capital of Flamenco. This is why this city holds a biennial Flamenco Biennial every two years and an annual Flamenco Festival. This festival is aimed at both professionals and amateurs who want to learn from the best artists on the scene. <\/span> <span style=\"font-weight: 400;\">The Malaga Festival is the perfect excuse to visit the city at one of the most special times of the year. If you like music, you will have the opportunity to enjoy great artists and flamenco shows featuring singing, guitar, clapping, and dancers. <\/span><\/p>\n<h2><\/h2>\n<h2><span style=\"font-weight: 400;\">When will the 2024 Malaga Flamenco Festival take place?<\/span><\/h2>\n<p><span style=\"font-weight: 400;\">The festival will take place during the last week of June, between June 24 and 30. Throughout the week, you will have the opportunity to enjoy various shows and activities, including concerts and even a flashmob.<\/span><\/p>\n<h2><span style=\"font-weight: 400;\">Events and concerts of the Malaga Flamenco Festival<\/span><\/h2>\n<p><span style=\"font-weight: 400;\">During this week, there are countless cultural activities and shows, the city hosts a large number of flamenco artists. You will be able to enjoy them for free at several concerts, although we recommend that you arrive in plenty of time to get a seat and enjoy the show. <\/span> <span style=\"font-weight: 400;\">In the Edgar Neville Auditorium, you can enjoy the most international talent, as the artists performing come from countries such as Italy, Peru or China. In this same auditorium, there will also be a contest to find the next promising young flamenco dancers. In this talent contest, under the name Tacones del futuro (Heels of the Future), you will see the youngest talent in action.<\/span> <span style=\"font-weight: 400;\">During Friday, June 28 and Saturday, June 29, there will be a night show in Alcazabilla Street. At 10 p.m., with the Alcazaba and the Roman Theater illuminated in the background, some of the best Spanish artists will perform together with guitarist musicians. This show is also free, but it is recommended to go early to get a seat. <\/span><\/p>\n<h2><span style=\"font-weight: 400;\">Flamenco Flashmob<\/span><\/h2>\n<p><span style=\"font-weight: 400;\">This year a flashmob has been organized to break the world record of people dancing flamenco at the same time. In 2018, more than 3900 dancers participated, and this year the aim is to exceed this number. <\/span><\/p>\n<h2><span style=\"font-weight: 400;\">Enjoy a flamenco show while you dine<\/span><\/h2>\n<p><span style=\"font-weight: 400;\">Another of the most common activities in Malaga are flamenco shows in bars and restaurants while enjoying dinner. <\/span> <span style=\"font-weight: 400;\">Even if you cannot come to Malaga during the Flamenco Festival, some offer this service throughout the year. One of the most popular is <\/span><a href=\"https:\/\/show.flamencomalaga.com\/en\/?_gl=1*v2jrtt*_gcl_aw*R0NMLjE3MTM4NTkzODguQ2p3S0NBand1SjJ4QmhBM0Vpd0FNVmprVlBvaFRic1JoRzg2X2NJSjlwQWdQOVdTMXN0NXBRR0VzTENtY0g0bk45Z0NhNzA4U2o5cGt4b0NpQmNRQXZEX0J3RQ..*_gcl_au*NDgyMDY3MDQwLjE3MTMzNDE5ODE.*_ga*ODY0NTYzMjM3LjE3MTMzNDE5ODE.*_ga_H7SCXQ5NMB*MTcxOTM5NDk5Ny4yNC4xLjE3MTkzOTUwMDEuNTYuMC4w\" target=\"_blank\" rel=\"noopener\"><span style=\"font-weight: 400;\">Alegr\u00eda Flamenco &amp; Gastronomy <\/span><\/a><span style=\"font-weight: 400;\">where, just 15 minutes from the historic center of Malaga, you can taste the Andalusian gastronomy surrounded by the art and talent of the best artists of the city. Reserve your ticket to secure your place. <\/span><\/p>\n","protected":false},"excerpt":{"rendered":"<p>Andalusia is especially known for its culture and art. Flamenco is the most popular Spanish musical genre in this area, and it is one of the main tourist activities for all those who visit Andalusia. Malaga has a lot of flamenco culture and has some of the most renowned flamenco shows and artists in the [&hellip;]<\/p>\n","protected":false},"author":8,"featured_media":20709,"comment_status":"closed","ping_status":"closed","sticky":false,"template":"","format":"standard","meta":{"_acf_changed":false,"footnotes":""},"categories":[2],"tags":[],"class_list":["post-20717","post","type-post","status-publish","format-standard","has-post-thumbnail","hentry","category-sin-categorizar"],"acf":[],"yoast_head":"<!-- This site is optimized with the Yoast SEO plugin v27.4 - https:\/\/yoast.com\/product\/yoast-seo-wordpress\/ -->\n<title>Flamenco Festival M\u00e1laga 2024 | Flamenco M\u00e1laga<\/title>\n<meta name=\"description\" content=\"We tell you everything you need to know about the 2024 Malaga festival so you don&#039;t miss a thing; dates, program, activities, concerts, etc.\" \/>\n<meta name=\"robots\" content=\"index, follow, max-snippet:-1, max-image-preview:large, max-video-preview:-1\" \/>\n<link rel=\"canonical\" href=\"https:\/\/flamencomalaga.com\/en\/blog\/malaga-flamenco-festival-2024\/\" \/>\n<meta property=\"og:locale\" content=\"en_US\" \/>\n<meta property=\"og:type\" content=\"article\" \/>\n<meta property=\"og:title\" content=\"Flamenco Festival M\u00e1laga 2024 | Flamenco M\u00e1laga\" \/>\n<meta property=\"og:description\" content=\"We tell you everything you need to know about the 2024 Malaga festival so you don&#039;t miss a thing; dates, program, activities, concerts, etc.\" \/>\n<meta property=\"og:url\" content=\"https:\/\/flamencomalaga.com\/en\/blog\/malaga-flamenco-festival-2024\/\" \/>\n<meta property=\"og:site_name\" content=\"Flamenco Alegr\u00eda\" \/>\n<meta property=\"article:publisher\" content=\"https:\/\/www.facebook.com\/alegriaflamencomalaga\/?locale=es_ES\" \/>\n<meta property=\"article:published_time\" content=\"2024-06-26T13:10:16+00:00\" \/>\n<meta property=\"article:modified_time\" content=\"2024-07-19T07:59:59+00:00\" \/>\n<meta property=\"og:image\" content=\"https:\/\/flamencomalaga.com\/wp-content\/uploads\/2024\/06\/festival-flamenco-malaga.jpg\" \/>\n\t<meta property=\"og:image:width\" content=\"1080\" \/>\n\t<meta property=\"og:image:height\" content=\"340\" \/>\n\t<meta property=\"og:image:type\" content=\"image\/jpeg\" \/>\n<meta name=\"author\" content=\"jacinto\" \/>\n<meta name=\"twitter:card\" content=\"summary_large_image\" \/>\n<meta name=\"twitter:label1\" content=\"Written by\" \/>\n\t<meta name=\"twitter:data1\" content=\"jacinto\" \/>\n\t<meta name=\"twitter:label2\" content=\"Est. reading time\" \/>\n\t<meta name=\"twitter:data2\" content=\"3 minutes\" \/>\n<!-- \/ Yoast SEO plugin. -->","yoast_head_json":{"title":"Flamenco Festival M\u00e1laga 2024 | Flamenco M\u00e1laga","description":"We tell you everything you need to know about the 2024 Malaga festival so you don't miss a thing; dates, program, activities, concerts, etc.","robots":{"index":"index","follow":"follow","max-snippet":"max-snippet:-1","max-image-preview":"max-image-preview:large","max-video-preview":"max-video-preview:-1"},"canonical":"https:\/\/flamencomalaga.com\/en\/blog\/malaga-flamenco-festival-2024\/","og_locale":"en_US","og_type":"article","og_title":"Flamenco Festival M\u00e1laga 2024 | Flamenco M\u00e1laga","og_description":"We tell you everything you need to know about the 2024 Malaga festival so you don't miss a thing; dates, program, activities, concerts, etc.","og_url":"https:\/\/flamencomalaga.com\/en\/blog\/malaga-flamenco-festival-2024\/","og_site_name":"Flamenco Alegr\u00eda","article_publisher":"https:\/\/www.facebook.com\/alegriaflamencomalaga\/?locale=es_ES","article_published_time":"2024-06-26T13:10:16+00:00","article_modified_time":"2024-07-19T07:59:59+00:00","og_image":[{"width":1080,"height":340,"url":"https:\/\/flamencomalaga.com\/wp-content\/uploads\/2024\/06\/festival-flamenco-malaga.jpg","type":"image\/jpeg"}],"author":"jacinto","twitter_card":"summary_large_image","twitter_misc":{"Written by":"jacinto","Est. reading time":"3 minutes"},"schema":{"@context":"https:\/\/schema.org","@graph":[{"@type":"Article","@id":"https:\/\/flamencomalaga.com\/en\/blog\/malaga-flamenco-festival-2024\/#article","isPartOf":{"@id":"https:\/\/flamencomalaga.com\/en\/blog\/malaga-flamenco-festival-2024\/"},"author":{"name":"jacinto","@id":"https:\/\/flamencomalaga.com\/en\/#\/schema\/person\/f24ed06767c15d0a72ee06a7e3c01fc8"},"headline":"Malaga Flamenco Festival 2024","datePublished":"2024-06-26T13:10:16+00:00","dateModified":"2024-07-19T07:59:59+00:00","mainEntityOfPage":{"@id":"https:\/\/flamencomalaga.com\/en\/blog\/malaga-flamenco-festival-2024\/"},"wordCount":505,"publisher":{"@id":"https:\/\/flamencomalaga.com\/en\/#organization"},"image":{"@id":"https:\/\/flamencomalaga.com\/en\/blog\/malaga-flamenco-festival-2024\/#primaryimage"},"thumbnailUrl":"https:\/\/flamencomalaga.com\/wp-content\/uploads\/2024\/06\/festival-flamenco-malaga.jpg?wsr","articleSection":["Sin categorizar"],"inLanguage":"en-US"},{"@type":"WebPage","@id":"https:\/\/flamencomalaga.com\/en\/blog\/malaga-flamenco-festival-2024\/","url":"https:\/\/flamencomalaga.com\/en\/blog\/malaga-flamenco-festival-2024\/","name":"Flamenco Festival M\u00e1laga 2024 | Flamenco M\u00e1laga","isPartOf":{"@id":"https:\/\/flamencomalaga.com\/en\/#website"},"primaryImageOfPage":{"@id":"https:\/\/flamencomalaga.com\/en\/blog\/malaga-flamenco-festival-2024\/#primaryimage"},"image":{"@id":"https:\/\/flamencomalaga.com\/en\/blog\/malaga-flamenco-festival-2024\/#primaryimage"},"thumbnailUrl":"https:\/\/flamencomalaga.com\/wp-content\/uploads\/2024\/06\/festival-flamenco-malaga.jpg?wsr","datePublished":"2024-06-26T13:10:16+00:00","dateModified":"2024-07-19T07:59:59+00:00","description":"We tell you everything you need to know about the 2024 Malaga festival so you don't miss a thing; dates, program, activities, concerts, etc.","breadcrumb":{"@id":"https:\/\/flamencomalaga.com\/en\/blog\/malaga-flamenco-festival-2024\/#breadcrumb"},"inLanguage":"en-US","potentialAction":[{"@type":"ReadAction","target":["https:\/\/flamencomalaga.com\/en\/blog\/malaga-flamenco-festival-2024\/"]}]},{"@type":"ImageObject","inLanguage":"en-US","@id":"https:\/\/flamencomalaga.com\/en\/blog\/malaga-flamenco-festival-2024\/#primaryimage","url":"https:\/\/flamencomalaga.com\/wp-content\/uploads\/2024\/06\/festival-flamenco-malaga.jpg?wsr","contentUrl":"https:\/\/flamencomalaga.com\/wp-content\/uploads\/2024\/06\/festival-flamenco-malaga.jpg?wsr","width":1080,"height":340,"caption":"Festival de flamenco en M\u00e1laga"},{"@type":"BreadcrumbList","@id":"https:\/\/flamencomalaga.com\/en\/blog\/malaga-flamenco-festival-2024\/#breadcrumb","itemListElement":[{"@type":"ListItem","position":1,"name":"Home","item":"https:\/\/flamencomalaga.com\/en\/"},{"@type":"ListItem","position":2,"name":"Malaga Flamenco Festival 2024"}]},{"@type":"WebSite","@id":"https:\/\/flamencomalaga.com\/en\/#website","url":"https:\/\/flamencomalaga.com\/en\/","name":"Flamenco Alegr\u00eda y Gastronomia","description":"","publisher":{"@id":"https:\/\/flamencomalaga.com\/en\/#organization"},"alternateName":"Flamenco Alegr\u00eda","potentialAction":[{"@type":"SearchAction","target":{"@type":"EntryPoint","urlTemplate":"https:\/\/flamencomalaga.com\/en\/?s={search_term_string}"},"query-input":{"@type":"PropertyValueSpecification","valueRequired":true,"valueName":"search_term_string"}}],"inLanguage":"en-US"},{"@type":"Organization","@id":"https:\/\/flamencomalaga.com\/en\/#organization","name":"Flamenco Alegr\u00eda y Gastronomia","alternateName":"Alegr\u00eda - Flamenco y Gastronom\u00eda","url":"https:\/\/flamencomalaga.com\/en\/","logo":{"@type":"ImageObject","inLanguage":"en-US","@id":"https:\/\/flamencomalaga.com\/en\/#\/schema\/logo\/image\/","url":"https:\/\/flamencomalaga.com\/wp-content\/uploads\/2024\/07\/flamenco-malaga_logo.png?wsr","contentUrl":"https:\/\/flamencomalaga.com\/wp-content\/uploads\/2024\/07\/flamenco-malaga_logo.png?wsr","width":166,"height":85,"caption":"Flamenco Alegr\u00eda y Gastronomia"},"image":{"@id":"https:\/\/flamencomalaga.com\/en\/#\/schema\/logo\/image\/"},"sameAs":["https:\/\/www.facebook.com\/alegriaflamencomalaga\/?locale=es_ES","https:\/\/www.instagram.com\/flamencomalagaalegria","https:\/\/www.tiktok.com\/@flamencomalaga"]},{"@type":"Person","@id":"https:\/\/flamencomalaga.com\/en\/#\/schema\/person\/f24ed06767c15d0a72ee06a7e3c01fc8","name":"jacinto","image":{"@type":"ImageObject","inLanguage":"en-US","@id":"https:\/\/secure.gravatar.com\/avatar\/be9e27bc927e6bdef9e9f8e2560ad975ebc1a341b34619fc9295577418cb58cb?s=96&d=mm&r=g","url":"https:\/\/secure.gravatar.com\/avatar\/be9e27bc927e6bdef9e9f8e2560ad975ebc1a341b34619fc9295577418cb58cb?s=96&d=mm&r=g","contentUrl":"https:\/\/secure.gravatar.com\/avatar\/be9e27bc927e6bdef9e9f8e2560ad975ebc1a341b34619fc9295577418cb58cb?s=96&d=mm&r=g","caption":"jacinto"}}]}},"_links":{"self":[{"href":"https:\/\/flamencomalaga.com\/en\/wp-json\/wp\/v2\/posts\/20717","targetHints":{"allow":["GET"]}}],"collection":[{"href":"https:\/\/flamencomalaga.com\/en\/wp-json\/wp\/v2\/posts"}],"about":[{"href":"https:\/\/flamencomalaga.com\/en\/wp-json\/wp\/v2\/types\/post"}],"author":[{"embeddable":true,"href":"https:\/\/flamencomalaga.com\/en\/wp-json\/wp\/v2\/users\/8"}],"replies":[{"embeddable":true,"href":"https:\/\/flamencomalaga.com\/en\/wp-json\/wp\/v2\/comments?post=20717"}],"version-history":[{"count":0,"href":"https:\/\/flamencomalaga.com\/en\/wp-json\/wp\/v2\/posts\/20717\/revisions"}],"wp:featuredmedia":[{"embeddable":true,"href":"https:\/\/flamencomalaga.com\/en\/wp-json\/wp\/v2\/media\/20709"}],"wp:attachment":[{"href":"https:\/\/flamencomalaga.com\/en\/wp-json\/wp\/v2\/media?parent=20717"}],"wp:term":[{"taxonomy":"category","embeddable":true,"href":"https:\/\/flamencomalaga.com\/en\/wp-json\/wp\/v2\/categories?post=20717"},{"taxonomy":"post_tag","embeddable":true,"href":"https:\/\/flamencomalaga.com\/en\/wp-json\/wp\/v2\/tags?post=20717"}],"curies":[{"name":"wp","href":"https:\/\/api.w.org\/{rel}","templated":true}]}}