{"id":9293,"date":"2023-05-04T11:51:54","date_gmt":"2023-05-04T09:51:54","guid":{"rendered":"https:\/\/flamencomalaga.com\/el-jaleo-flamenco-entdecken-sie-diesen-palo-form-aus-malaga\/"},"modified":"2025-06-26T16:58:32","modified_gmt":"2025-06-26T14:58:32","slug":"el-jaleo-flamenco-entdecken-sie-diesen-palo-form-aus-malaga","status":"publish","type":"post","link":"https:\/\/flamencomalaga.com\/de\/blog\/el-jaleo-flamenco-entdecken-sie-diesen-palo-form-aus-malaga\/","title":{"rendered":"El Jaleo Flamenco, entdecken Sie diesen &#8222;Palo&#8220; (Form) aus M\u00e1laga"},"content":{"rendered":"<p><span style=\"font-weight: 400;\">Wer hat nicht schon einmal in seinem Leben den Ausdruck &#8222;Ol\u00e9!&#8220; geh\u00f6rt? Wenn Sie nach einer technischen Definition suchen, was der   <\/span><b>Flamenco Jaleo<\/b><span style=\"font-weight: 400;\">Sie werden feststellen, dass es ein Synonym f\u00fcr Verwirrung ist und direkt auf eine laute und lebhafte Umgebung anspielt. Das ist f\u00fcr uns \u00fcberhaupt nicht verwunderlich. Flamenco ist Anmut, Leidenschaft und Stil, aber vor allem ist er eine k\u00fcnstlerische Manifestation voller Energie, die alles von Gesten bis zu Ausrufen nutzt, um sie auszudr\u00fccken.  <\/span><\/p>\n<p><span style=\"font-weight: 400;\">Heute, in diesem Artikel erkl\u00e4ren wir Ihnen, was sind die <\/span><b>Flamenco-Jaleos<\/b><span style=\"font-weight: 400;\">wie sie entstanden sind und welchen historischen Einfluss sie auf andere Palos haben, die sp\u00e4ter entstanden sind, wie zum Beispiel die Buler\u00edas.<\/span><\/p>\n<h2><b>Was ist Jaleo Flamenco?  <\/b><\/h2>\n<p><span style=\"font-weight: 400;\">Wenn wir \u00fcber den Jaleo als Flamenco-Palo sprechen, m\u00fcssen wir ber\u00fccksichtigen, dass es zwei Arten der Verwendung gibt. Einerseits ist der   <\/span><b>Ausrufe der Euphorie<\/b><span style=\"font-weight: 400;\"> die sie w\u00e4hrend des Tanzes aussto\u00dfen und die man h\u00f6ren kann, wenn man eine Flamenco-Jaleo-Show in M\u00e1laga besucht&#8230; Und, auf der anderen Seite <\/span><b>ein Genre<\/b><span style=\"font-weight: 400;\"> das in der volkst\u00fcmlichen Folklore des 19. Jahrhunderts eine wichtige Rolle spielte und viele musikalische Elemente in die Welt der sole\u00e1 und buler\u00edas einf\u00fchrte.<\/span><\/p>\n<p><span style=\"font-weight: 400;\">Heutzutage ist der <\/span><b>Flamenco Jaleo von Malaga<\/b><span style=\"font-weight: 400;\">  ist eine Art Jotilla oder Fandango, der in der andalusischen Kadenz gesungen wird und auch die Ausrufe enth\u00e4lt, die die Flamenco-K\u00fcnstler w\u00e4hrend der Show machen. Aber auch wenn es so scheint, sind es keine zuf\u00e4lligen Ausrufe, sondern eine Antwort auf eine &#8222;eindringliche&#8220; Metrik, die sich von den Buler\u00edas unterscheidet und der Sole\u00e1 n\u00e4her kommt, die sich dem Rhythmus aller Genres anpassen muss, um den Zauber, den jede Flamencoauff\u00fchrung vermitteln soll, nicht zu brechen. <\/span><\/p>\n<h2><b>Was sind die Urspr\u00fcnge von Jaleo?  <\/b><\/h2>\n<p><span style=\"font-weight: 400;\">Innerhalb des Flamenco hat der Jaleo seinen Ursprung in <\/span><b>Jerez de la Frontera,<\/b><span style=\"font-weight: 400;\">  die Auff\u00fchrungen mit andalusischem Einschlag boten. Im Laufe der Zeit l\u00f6ste sie sich allm\u00e4hlich auf und verlor an Kraft, bis sie zu den Chuflas und Buler\u00edas wurde, die zu Beginn des 20. Jahrhunderts aufkamen.   <\/span><\/p>\n<p><span style=\"font-weight: 400;\">Viele halten den Flamenco-Klampfer f\u00fcr einen eindeutigen Vorl\u00e4ufer der &#8222;sole\u00e1&#8220; und vieler ihrer Varianten, die mit der Herausbildung der verwandten Stile in Vergessenheit gerieten, aber von den Zigeunern der Extremadura wiederbelebt wurden.<\/span><\/p>\n<h2><b>Wie man Flamenco Jaleo tanzt<\/b><\/h2>\n<p><span style=\"font-weight: 400;\">In den <\/span><b>jaleos del flamenco, <\/b> <span style=\"font-weight: 400;\">Das Metrum ist dem der Buler\u00edas sehr \u00e4hnlich, weshalb es manchmal verwechselt wird, aber in Wahrheit hat dieser Palo seine eigenen einzigartigen Phrasen und Tonalit\u00e4ten. In der Tat muss der Jaleo des Flamenco von M\u00e1laga bestimmten Merkmalen entsprechen, die ihm seine musikalische Struktur verleihen: <\/span><\/p>\n<ul>\n<li style=\"font-weight: 400;\" aria-level=\"1\"><b>Tonalit\u00e4t:<\/b><span style=\"font-weight: 400;\"> Die Melodien nehmen Tonalit\u00e4ten an, die auf der andalusischen Kadenz und manchmal auch auf tonalen Kadenzen basieren.<\/span><\/li>\n<li style=\"font-weight: 400;\" aria-level=\"1\"><b>Comp\u00e1s:<\/b><span style=\"font-weight: 400;\"> Am Anfang wird es als Buler\u00eda bezeichnet, aber der Stil ist weicher und \u00e4hnelt mehr der &#8222;Jotera&#8220;.<\/span><\/li>\n<li style=\"font-weight: 400;\" aria-level=\"1\"><b>Strophe:<\/b><span style=\"font-weight: 400;\"> Normalerweise bestehen die Koplas aus 3 Strophen, mit humorvollen Texten, immer auf der Suche nach guter Laune und Spa\u00df.<\/span><\/li>\n<li style=\"font-weight: 400;\" aria-level=\"1\"><b>Notenschl\u00fcssel:<\/b><span style=\"font-weight: 400;\"> Der erste Schlag ist immer akzentuiert und kann Teil eines 3&#215;4- oder 3&#215;8-Taktes sein, je nachdem, wie schnell die Interpreten vorankommen wollen.<\/span><\/li>\n<\/ul>\n<h2><b>Beispiele f\u00fcr Flamenco Jaleos<\/b><\/h2>\n<p><span style=\"font-weight: 400;\">Der Ausruf &#8222;\u00a1Ol\u00e9!&#8220; ist einer der beliebtesten Jaleos und auch heute noch sehr pr\u00e4sent. Aber in Wahrheit k\u00f6nnen wir zahlreiche Jaleos identifizieren   <\/span><b>Beispiele f\u00fcr jaleo<\/b><span style=\"font-weight: 400;\"> in popul\u00e4ren spanischen Kompositionen. <\/span> <\/p>\n<p><span style=\"font-weight: 400;\">Zwei Beispiele sind &#8222;<\/span><b><i>En el caf\u00e9 de Chinitas&#8220; und &#8222;Anda jaleo&#8220;, <\/i><\/b><span style=\"font-weight: 400;\">popul\u00e4re Lieder komponiert von <\/span><b>Federico Garc\u00eda Lorca<\/b><span style=\"font-weight: 400;\">. Beide Lieder wurden 1931 aufgenommen und hatten gro\u00dfen Erfolg, vor allem dank der S\u00e4ngerin Encarnaci\u00f3n L\u00f3pez, bekannt als &#8222;La Argentinita&#8220;, die sang und Kastagnetten spielte, w\u00e4hrend Federico sie am Klavier begleitete.<\/span><\/p>\n<p><span style=\"font-weight: 400;\">Kurzum, der <\/span><b>Flamenco Jaleo<\/b><span style=\"font-weight: 400;\">  ist ein Flamenco-Palo, der mit Gesten, Klatschen und Klangausdr\u00fccken zum Leben erweckt werden soll, um die T\u00e4nzer zu ermutigen. Eine sehr k\u00fcnstlerische Manifestation der Stimulierung der Energie, die man im Flamenco erlebt und mit der sich das Publikum identifizieren kann. Ein wahrhaft sch\u00f6ner Ausdruck der Kunst f\u00fcr Liebhaber dieses Genres.  <\/span><\/p>\n","protected":false},"excerpt":{"rendered":"<p>Wer hat nicht schon einmal in seinem Leben den Ausdruck &#8222;Ol\u00e9!&#8220; geh\u00f6rt? Wenn Sie nach einer technischen Definition suchen, was der Flamenco JaleoSie werden feststellen, dass es ein Synonym f\u00fcr Verwirrung ist und direkt auf eine laute und lebhafte Umgebung anspielt. Das ist f\u00fcr uns \u00fcberhaupt nicht verwunderlich. Flamenco ist Anmut, Leidenschaft und Stil, aber [&hellip;]<\/p>\n","protected":false},"author":8,"featured_media":6361,"comment_status":"closed","ping_status":"closed","sticky":false,"template":"","format":"standard","meta":{"_acf_changed":false,"footnotes":""},"categories":[182],"tags":[],"class_list":["post-9293","post","type-post","status-publish","format-standard","has-post-thumbnail","hentry","category-nicht-kategorisiert"],"acf":[],"yoast_head":"<!-- This site is optimized with the Yoast SEO plugin v27.4 - https:\/\/yoast.com\/product\/yoast-seo-wordpress\/ -->\n<title>El Jaleo Flamenco, entdecken Sie diesen Palo aus Malaga | Flamenco Alegr\u00eda<\/title>\n<meta name=\"description\" content=\"Wenn Sie nach einer Definition von Jaleo Flamenco suchen, werden Sie feststellen, dass es sehr verwirrend ist. Lassen Sie uns das f\u00fcr Sie aufkl\u00e4ren!\" \/>\n<meta name=\"robots\" content=\"index, follow, max-snippet:-1, max-image-preview:large, max-video-preview:-1\" \/>\n<link rel=\"canonical\" href=\"https:\/\/flamencomalaga.com\/de\/blog\/el-jaleo-flamenco-entdecken-sie-diesen-palo-form-aus-malaga\/\" \/>\n<meta property=\"og:locale\" content=\"de_DE\" \/>\n<meta property=\"og:type\" content=\"article\" \/>\n<meta property=\"og:title\" content=\"El Jaleo Flamenco, entdecken Sie diesen Palo aus Malaga | Flamenco Alegr\u00eda\" \/>\n<meta property=\"og:description\" content=\"Wenn Sie nach einer Definition von Jaleo Flamenco suchen, werden Sie feststellen, dass es sehr verwirrend ist. Lassen Sie uns das f\u00fcr Sie aufkl\u00e4ren!\" \/>\n<meta property=\"og:url\" content=\"https:\/\/flamencomalaga.com\/de\/blog\/el-jaleo-flamenco-entdecken-sie-diesen-palo-form-aus-malaga\/\" \/>\n<meta property=\"og:site_name\" content=\"Flamenco Alegr\u00eda\" \/>\n<meta property=\"article:publisher\" content=\"https:\/\/www.facebook.com\/alegriaflamencomalaga\/?locale=es_ES\" \/>\n<meta property=\"article:published_time\" content=\"2023-05-04T09:51:54+00:00\" \/>\n<meta property=\"article:modified_time\" content=\"2025-06-26T14:58:32+00:00\" \/>\n<meta property=\"og:image\" content=\"https:\/\/flamencomalaga.com\/wp-content\/uploads\/2023\/05\/jaleo-flamenco-que-es.jpg\" \/>\n\t<meta property=\"og:image:width\" content=\"1000\" \/>\n\t<meta property=\"og:image:height\" content=\"667\" \/>\n\t<meta property=\"og:image:type\" content=\"image\/jpeg\" \/>\n<meta name=\"author\" content=\"jacinto\" \/>\n<meta name=\"twitter:card\" content=\"summary_large_image\" \/>\n<meta name=\"twitter:label1\" content=\"Verfasst von\" \/>\n\t<meta name=\"twitter:data1\" content=\"jacinto\" \/>\n\t<meta name=\"twitter:label2\" content=\"Gesch\u00e4tzte Lesezeit\" \/>\n\t<meta name=\"twitter:data2\" content=\"3\u00a0Minute\" \/>\n<!-- \/ Yoast SEO plugin. -->","yoast_head_json":{"title":"El Jaleo Flamenco, entdecken Sie diesen Palo aus Malaga | Flamenco Alegr\u00eda","description":"Wenn Sie nach einer Definition von Jaleo Flamenco suchen, werden Sie feststellen, dass es sehr verwirrend ist. Lassen Sie uns das f\u00fcr Sie aufkl\u00e4ren!","robots":{"index":"index","follow":"follow","max-snippet":"max-snippet:-1","max-image-preview":"max-image-preview:large","max-video-preview":"max-video-preview:-1"},"canonical":"https:\/\/flamencomalaga.com\/de\/blog\/el-jaleo-flamenco-entdecken-sie-diesen-palo-form-aus-malaga\/","og_locale":"de_DE","og_type":"article","og_title":"El Jaleo Flamenco, entdecken Sie diesen Palo aus Malaga | Flamenco Alegr\u00eda","og_description":"Wenn Sie nach einer Definition von Jaleo Flamenco suchen, werden Sie feststellen, dass es sehr verwirrend ist. Lassen Sie uns das f\u00fcr Sie aufkl\u00e4ren!","og_url":"https:\/\/flamencomalaga.com\/de\/blog\/el-jaleo-flamenco-entdecken-sie-diesen-palo-form-aus-malaga\/","og_site_name":"Flamenco Alegr\u00eda","article_publisher":"https:\/\/www.facebook.com\/alegriaflamencomalaga\/?locale=es_ES","article_published_time":"2023-05-04T09:51:54+00:00","article_modified_time":"2025-06-26T14:58:32+00:00","og_image":[{"width":1000,"height":667,"url":"https:\/\/flamencomalaga.com\/wp-content\/uploads\/2023\/05\/jaleo-flamenco-que-es.jpg","type":"image\/jpeg"}],"author":"jacinto","twitter_card":"summary_large_image","twitter_misc":{"Verfasst von":"jacinto","Gesch\u00e4tzte Lesezeit":"3\u00a0Minute"},"schema":{"@context":"https:\/\/schema.org","@graph":[{"@type":"Article","@id":"https:\/\/flamencomalaga.com\/de\/blog\/el-jaleo-flamenco-entdecken-sie-diesen-palo-form-aus-malaga\/#article","isPartOf":{"@id":"https:\/\/flamencomalaga.com\/de\/blog\/el-jaleo-flamenco-entdecken-sie-diesen-palo-form-aus-malaga\/"},"author":{"name":"jacinto","@id":"https:\/\/flamencomalaga.com\/de\/#\/schema\/person\/f24ed06767c15d0a72ee06a7e3c01fc8"},"headline":"El Jaleo Flamenco, entdecken Sie diesen &#8222;Palo&#8220; (Form) aus M\u00e1laga","datePublished":"2023-05-04T09:51:54+00:00","dateModified":"2025-06-26T14:58:32+00:00","mainEntityOfPage":{"@id":"https:\/\/flamencomalaga.com\/de\/blog\/el-jaleo-flamenco-entdecken-sie-diesen-palo-form-aus-malaga\/"},"wordCount":685,"publisher":{"@id":"https:\/\/flamencomalaga.com\/de\/#organization"},"image":{"@id":"https:\/\/flamencomalaga.com\/de\/blog\/el-jaleo-flamenco-entdecken-sie-diesen-palo-form-aus-malaga\/#primaryimage"},"thumbnailUrl":"https:\/\/flamencomalaga.com\/wp-content\/uploads\/2023\/05\/jaleo-flamenco-que-es.jpg?wsr","articleSection":["Nicht kategorisiert"],"inLanguage":"de"},{"@type":"WebPage","@id":"https:\/\/flamencomalaga.com\/de\/blog\/el-jaleo-flamenco-entdecken-sie-diesen-palo-form-aus-malaga\/","url":"https:\/\/flamencomalaga.com\/de\/blog\/el-jaleo-flamenco-entdecken-sie-diesen-palo-form-aus-malaga\/","name":"El Jaleo Flamenco, entdecken Sie diesen Palo aus Malaga | Flamenco Alegr\u00eda","isPartOf":{"@id":"https:\/\/flamencomalaga.com\/de\/#website"},"primaryImageOfPage":{"@id":"https:\/\/flamencomalaga.com\/de\/blog\/el-jaleo-flamenco-entdecken-sie-diesen-palo-form-aus-malaga\/#primaryimage"},"image":{"@id":"https:\/\/flamencomalaga.com\/de\/blog\/el-jaleo-flamenco-entdecken-sie-diesen-palo-form-aus-malaga\/#primaryimage"},"thumbnailUrl":"https:\/\/flamencomalaga.com\/wp-content\/uploads\/2023\/05\/jaleo-flamenco-que-es.jpg?wsr","datePublished":"2023-05-04T09:51:54+00:00","dateModified":"2025-06-26T14:58:32+00:00","description":"Wenn Sie nach einer Definition von Jaleo Flamenco suchen, werden Sie feststellen, dass es sehr verwirrend ist. Lassen Sie uns das f\u00fcr Sie aufkl\u00e4ren!","breadcrumb":{"@id":"https:\/\/flamencomalaga.com\/de\/blog\/el-jaleo-flamenco-entdecken-sie-diesen-palo-form-aus-malaga\/#breadcrumb"},"inLanguage":"de","potentialAction":[{"@type":"ReadAction","target":["https:\/\/flamencomalaga.com\/de\/blog\/el-jaleo-flamenco-entdecken-sie-diesen-palo-form-aus-malaga\/"]}]},{"@type":"ImageObject","inLanguage":"de","@id":"https:\/\/flamencomalaga.com\/de\/blog\/el-jaleo-flamenco-entdecken-sie-diesen-palo-form-aus-malaga\/#primaryimage","url":"https:\/\/flamencomalaga.com\/wp-content\/uploads\/2023\/05\/jaleo-flamenco-que-es.jpg?wsr","contentUrl":"https:\/\/flamencomalaga.com\/wp-content\/uploads\/2023\/05\/jaleo-flamenco-que-es.jpg?wsr","width":1000,"height":667,"caption":"espect\u00e1culo jaleo flamenco"},{"@type":"BreadcrumbList","@id":"https:\/\/flamencomalaga.com\/de\/blog\/el-jaleo-flamenco-entdecken-sie-diesen-palo-form-aus-malaga\/#breadcrumb","itemListElement":[{"@type":"ListItem","position":1,"name":"Startseite","item":"https:\/\/flamencomalaga.com\/de\/"},{"@type":"ListItem","position":2,"name":"El Jaleo Flamenco, entdecken Sie diesen &#8220;Palo&#8221; (Form) aus M\u00e1laga"}]},{"@type":"WebSite","@id":"https:\/\/flamencomalaga.com\/de\/#website","url":"https:\/\/flamencomalaga.com\/de\/","name":"Flamenco Alegr\u00eda y Gastronomia","description":"","publisher":{"@id":"https:\/\/flamencomalaga.com\/de\/#organization"},"alternateName":"Flamenco Alegr\u00eda","potentialAction":[{"@type":"SearchAction","target":{"@type":"EntryPoint","urlTemplate":"https:\/\/flamencomalaga.com\/de\/?s={search_term_string}"},"query-input":{"@type":"PropertyValueSpecification","valueRequired":true,"valueName":"search_term_string"}}],"inLanguage":"de"},{"@type":"Organization","@id":"https:\/\/flamencomalaga.com\/de\/#organization","name":"Flamenco Alegr\u00eda","alternateName":"Alegr\u00eda - Flamenco y Gastronom\u00eda","url":"https:\/\/flamencomalaga.com\/de\/","logo":{"@type":"ImageObject","inLanguage":"de","@id":"https:\/\/flamencomalaga.com\/de\/#\/schema\/logo\/image\/","url":"https:\/\/flamencomalaga.com\/wp-content\/uploads\/2024\/07\/flamenco-malaga_logo.png?wsr","contentUrl":"https:\/\/flamencomalaga.com\/wp-content\/uploads\/2024\/07\/flamenco-malaga_logo.png?wsr","width":166,"height":85,"caption":"Flamenco Alegr\u00eda"},"image":{"@id":"https:\/\/flamencomalaga.com\/de\/#\/schema\/logo\/image\/"},"sameAs":["https:\/\/www.facebook.com\/alegriaflamencomalaga\/?locale=es_ES","https:\/\/www.instagram.com\/flamencomalagaalegria","https:\/\/www.tiktok.com\/@flamencomalaga"]},{"@type":"Person","@id":"https:\/\/flamencomalaga.com\/de\/#\/schema\/person\/f24ed06767c15d0a72ee06a7e3c01fc8","name":"jacinto","image":{"@type":"ImageObject","inLanguage":"de","@id":"https:\/\/secure.gravatar.com\/avatar\/be9e27bc927e6bdef9e9f8e2560ad975ebc1a341b34619fc9295577418cb58cb?s=96&d=mm&r=g","url":"https:\/\/secure.gravatar.com\/avatar\/be9e27bc927e6bdef9e9f8e2560ad975ebc1a341b34619fc9295577418cb58cb?s=96&d=mm&r=g","contentUrl":"https:\/\/secure.gravatar.com\/avatar\/be9e27bc927e6bdef9e9f8e2560ad975ebc1a341b34619fc9295577418cb58cb?s=96&d=mm&r=g","caption":"jacinto"}}]}},"_links":{"self":[{"href":"https:\/\/flamencomalaga.com\/de\/wp-json\/wp\/v2\/posts\/9293","targetHints":{"allow":["GET"]}}],"collection":[{"href":"https:\/\/flamencomalaga.com\/de\/wp-json\/wp\/v2\/posts"}],"about":[{"href":"https:\/\/flamencomalaga.com\/de\/wp-json\/wp\/v2\/types\/post"}],"author":[{"embeddable":true,"href":"https:\/\/flamencomalaga.com\/de\/wp-json\/wp\/v2\/users\/8"}],"replies":[{"embeddable":true,"href":"https:\/\/flamencomalaga.com\/de\/wp-json\/wp\/v2\/comments?post=9293"}],"version-history":[{"count":1,"href":"https:\/\/flamencomalaga.com\/de\/wp-json\/wp\/v2\/posts\/9293\/revisions"}],"predecessor-version":[{"id":32131,"href":"https:\/\/flamencomalaga.com\/de\/wp-json\/wp\/v2\/posts\/9293\/revisions\/32131"}],"wp:featuredmedia":[{"embeddable":true,"href":"https:\/\/flamencomalaga.com\/de\/wp-json\/wp\/v2\/media\/6361"}],"wp:attachment":[{"href":"https:\/\/flamencomalaga.com\/de\/wp-json\/wp\/v2\/media?parent=9293"}],"wp:term":[{"taxonomy":"category","embeddable":true,"href":"https:\/\/flamencomalaga.com\/de\/wp-json\/wp\/v2\/categories?post=9293"},{"taxonomy":"post_tag","embeddable":true,"href":"https:\/\/flamencomalaga.com\/de\/wp-json\/wp\/v2\/tags?post=9293"}],"curies":[{"name":"wp","href":"https:\/\/api.w.org\/{rel}","templated":true}]}}