{"id":20720,"date":"2024-06-26T15:10:16","date_gmt":"2024-06-26T13:10:16","guid":{"rendered":"https:\/\/flamencomalaga.com\/blog\/flamenco-festival-malaga-2024\/"},"modified":"2024-07-19T07:59:59","modified_gmt":"2024-07-19T07:59:59","slug":"flamenco-festival-malaga-2024","status":"publish","type":"post","link":"https:\/\/flamencomalaga.com\/de\/blog\/flamenco-festival-malaga-2024\/","title":{"rendered":"Flamenco Festival Malaga 2024"},"content":{"rendered":"<p><span style=\"font-weight: 400;\">Andalusien ist vor allem f\u00fcr seine Kultur und Kunst bekannt. Der Flamenco ist die beliebteste spanische Musikrichtung in dieser Gegend und eine der wichtigsten touristischen Aktivit\u00e4ten f\u00fcr alle, die Andalusien besuchen. <\/span> <span style=\"font-weight: 400;\">M\u00e1laga hat eine gro\u00dfe Flamenco-Kultur und verf\u00fcgt \u00fcber einige der bekanntesten Flamenco-Shows und K\u00fcnstler des Landes. <\/span><a href=\"https:\/\/flamencomalaga.com\/de\/blog\/die-beruehmtesten-andalusischen-flamenco-kuenstler\/\" target=\"_blank\" rel=\"noopener\"><span style=\"font-weight: 400;\">Flamenco-K\u00fcnstler mit mehr Anerkennung im Land<\/span><\/a><span style=\"font-weight: 400;\">. Sie gilt sogar als die Welthauptstadt des Flamenco. Aus diesem Grund veranstaltet die Stadt alle zwei Jahre eine Flamenco-Biennale und j\u00e4hrlich ein Flamenco-Festival. Dieses Festival richtet sich sowohl an Profis als auch an Amateure, die von den besten K\u00fcnstlern der Szene lernen wollen. <\/span> <span style=\"font-weight: 400;\">Das M\u00e1laga Festival ist die perfekte Ausrede, um die Stadt zu einer der sch\u00f6nsten Zeiten des Jahres zu besuchen. Wenn Sie Musik m\u00f6gen, haben Sie die M\u00f6glichkeit, gro\u00dfartige K\u00fcnstler und Flamenco-Shows mit Gesang, Gitarre, Klatschen und T\u00e4nzern zu genie\u00dfen. <\/span><\/p>\n<h2><\/h2>\n<h2><span style=\"font-weight: 400;\">Wann findet das Flamenco-Festival Malaga 2024 statt?<\/span><\/h2>\n<p><span style=\"font-weight: 400;\">Das Festival findet in der letzten Juniwoche statt, zwischen dem 24. und 30. Juni. W\u00e4hrend der gesamten Woche haben Sie die M\u00f6glichkeit, verschiedene Shows und Aktivit\u00e4ten zu genie\u00dfen, darunter Konzerte und sogar einen Flashmob.<\/span><\/p>\n<h2><span style=\"font-weight: 400;\">Veranstaltungen und Konzerte des Malaga Flamenco Festivals<\/span><\/h2>\n<p><span style=\"font-weight: 400;\">W\u00e4hrend dieser Woche gibt es unz\u00e4hlige kulturelle Aktivit\u00e4ten und Shows, die Stadt beherbergt eine gro\u00dfe Anzahl von Flamenco-K\u00fcnstlern. Sie k\u00f6nnen sie bei einigen Konzerten kostenlos genie\u00dfen, obwohl wir empfehlen, rechtzeitig zu kommen, um einen Platz zu bekommen und die Show zu genie\u00dfen. <\/span> <span style=\"font-weight: 400;\">Im Edgar Neville Auditorium kommen Sie in den Genuss internationaler Talente, denn die auftretenden K\u00fcnstler kommen aus L\u00e4ndern wie Italien, Peru und China. Im selben Auditorium findet auch ein Wettbewerb statt, um die n\u00e4chsten vielversprechenden jungen Flamenco-T\u00e4nzer zu finden. In dieser Talentshow mit dem Namen Heels of the Future werden Sie die j\u00fcngsten Talente in Aktion sehen.<\/span> <span style=\"font-weight: 400;\">Am Freitag, den 28. Juni und Samstag, den 29. Juni findet in der Calle Alcazabilla eine Nachtvorstellung statt. Um 22 Uhr, mit der Alcazaba und dem beleuchteten R\u00f6mischen Theater im Hintergrund, werden einige der besten spanischen K\u00fcnstler zusammen mit Gitarristen auftreten. Auch diese Show ist kostenlos, aber es ist ratsam, fr\u00fch zu gehen, um einen Platz zu bekommen. <\/span><\/p>\n<h2><span style=\"font-weight: 400;\">Flamenco Flashmob<\/span><\/h2>\n<p><span style=\"font-weight: 400;\">In diesem Jahr wurde ein Flashmob organisiert, um den Weltrekord f\u00fcr die Anzahl der gleichzeitig tanzenden Flamencog\u00e4nger zu brechen. Im Jahr 2018 haben mehr als 3900 T\u00e4nzerinnen und T\u00e4nzer teilgenommen, und das Ziel ist es, diese Zahl in diesem Jahr zu \u00fcbertreffen. <\/span><\/p>\n<h2><span style=\"font-weight: 400;\">Genie\u00dfen Sie eine Flamenco-Show, w\u00e4hrend Sie speisen<\/span><\/h2>\n<p><span style=\"font-weight: 400;\">Eine weitere der h\u00e4ufigsten Aktivit\u00e4ten in M\u00e1laga sind Flamenco-Shows in Bars und Restaurants, w\u00e4hrend Sie ein Abendessen genie\u00dfen. <\/span> <span style=\"font-weight: 400;\">Auch wenn Sie nicht w\u00e4hrend des Flamenco-Festivals nach M\u00e1laga kommen k\u00f6nnen, bieten einige diesen Service das ganze Jahr \u00fcber an. Einer der beliebtesten ist <\/span><a href=\"https:\/\/show.flamencomalaga.com\/en\/?_gl=1*v2jrtt*_gcl_aw*R0NMLjE3MTM4NTkzODguQ2p3S0NBand1SjJ4QmhBM0Vpd0FNVmprVlBvaFRic1JoRzg2X2NJSjlwQWdQOVdTMXN0NXBRR0VzTENtY0g0bk45Z0NhNzA4U2o5cGt4b0NpQmNRQXZEX0J3RQ..*_gcl_au*NDgyMDY3MDQwLjE3MTMzNDE5ODE.*_ga*ODY0NTYzMjM3LjE3MTMzNDE5ODE.*_ga_H7SCXQ5NMB*MTcxOTM5NDk5Ny4yNC4xLjE3MTkzOTUwMDEuNTYuMC4w\" target=\"_blank\" rel=\"noopener\"><span style=\"font-weight: 400;\">Alegr\u00eda Flamenco &amp; Gastronomie <\/span><\/a><span style=\"font-weight: 400;\">wo Sie, nur 15 Minuten vom historischen Zentrum M\u00e1lagas entfernt, die andalusische Gastronomie inmitten der Kunst und des Talents der besten K\u00fcnstler der Stadt genie\u00dfen k\u00f6nnen. Buchen Sie Ihr Ticket, um sich Ihren Platz zu sichern. <\/span><\/p>\n","protected":false},"excerpt":{"rendered":"<p>Andalusien ist vor allem f\u00fcr seine Kultur und Kunst bekannt. Der Flamenco ist die beliebteste spanische Musikrichtung in dieser Gegend und eine der wichtigsten touristischen Aktivit\u00e4ten f\u00fcr alle, die Andalusien besuchen. M\u00e1laga hat eine gro\u00dfe Flamenco-Kultur und verf\u00fcgt \u00fcber einige der bekanntesten Flamenco-Shows und K\u00fcnstler des Landes. Flamenco-K\u00fcnstler mit mehr Anerkennung im Land. Sie gilt [&hellip;]<\/p>\n","protected":false},"author":8,"featured_media":20709,"comment_status":"closed","ping_status":"closed","sticky":false,"template":"","format":"standard","meta":{"_acf_changed":false,"footnotes":""},"categories":[4],"tags":[],"class_list":["post-20720","post","type-post","status-publish","format-standard","has-post-thumbnail","hentry","category-unkategorisiert"],"acf":[],"yoast_head":"<!-- This site is optimized with the Yoast SEO plugin v27.4 - https:\/\/yoast.com\/product\/yoast-seo-wordpress\/ -->\n<title>Flamenco Festival Malaga 2024 | Flamenco Malaga<\/title>\n<meta name=\"description\" content=\"Wir sagen Ihnen alles, was Sie \u00fcber das Festival Malaga 2024 wissen m\u00fcssen, damit Sie nichts verpassen: Termine, Programm, Aktivit\u00e4ten, Konzerte usw.\" \/>\n<meta name=\"robots\" content=\"index, follow, max-snippet:-1, max-image-preview:large, max-video-preview:-1\" \/>\n<link rel=\"canonical\" href=\"https:\/\/flamencomalaga.com\/de\/blog\/flamenco-festival-malaga-2024\/\" \/>\n<meta property=\"og:locale\" content=\"de_DE\" \/>\n<meta property=\"og:type\" content=\"article\" \/>\n<meta property=\"og:title\" content=\"Flamenco Festival Malaga 2024 | Flamenco Malaga\" \/>\n<meta property=\"og:description\" content=\"Wir sagen Ihnen alles, was Sie \u00fcber das Festival Malaga 2024 wissen m\u00fcssen, damit Sie nichts verpassen: Termine, Programm, Aktivit\u00e4ten, Konzerte usw.\" \/>\n<meta property=\"og:url\" content=\"https:\/\/flamencomalaga.com\/de\/blog\/flamenco-festival-malaga-2024\/\" \/>\n<meta property=\"og:site_name\" content=\"Flamenco Alegr\u00eda\" \/>\n<meta property=\"article:publisher\" content=\"https:\/\/www.facebook.com\/alegriaflamencomalaga\/?locale=es_ES\" \/>\n<meta property=\"article:published_time\" content=\"2024-06-26T13:10:16+00:00\" \/>\n<meta property=\"article:modified_time\" content=\"2024-07-19T07:59:59+00:00\" \/>\n<meta property=\"og:image\" content=\"https:\/\/flamencomalaga.com\/wp-content\/uploads\/2024\/06\/festival-flamenco-malaga.jpg\" \/>\n\t<meta property=\"og:image:width\" content=\"1080\" \/>\n\t<meta property=\"og:image:height\" content=\"340\" \/>\n\t<meta property=\"og:image:type\" content=\"image\/jpeg\" \/>\n<meta name=\"author\" content=\"jacinto\" \/>\n<meta name=\"twitter:card\" content=\"summary_large_image\" \/>\n<meta name=\"twitter:label1\" content=\"Verfasst von\" \/>\n\t<meta name=\"twitter:data1\" content=\"jacinto\" \/>\n\t<meta name=\"twitter:label2\" content=\"Gesch\u00e4tzte Lesezeit\" \/>\n\t<meta name=\"twitter:data2\" content=\"3\u00a0Minute\" \/>\n<!-- \/ Yoast SEO plugin. -->","yoast_head_json":{"title":"Flamenco Festival Malaga 2024 | Flamenco Malaga","description":"Wir sagen Ihnen alles, was Sie \u00fcber das Festival Malaga 2024 wissen m\u00fcssen, damit Sie nichts verpassen: Termine, Programm, Aktivit\u00e4ten, Konzerte usw.","robots":{"index":"index","follow":"follow","max-snippet":"max-snippet:-1","max-image-preview":"max-image-preview:large","max-video-preview":"max-video-preview:-1"},"canonical":"https:\/\/flamencomalaga.com\/de\/blog\/flamenco-festival-malaga-2024\/","og_locale":"de_DE","og_type":"article","og_title":"Flamenco Festival Malaga 2024 | Flamenco Malaga","og_description":"Wir sagen Ihnen alles, was Sie \u00fcber das Festival Malaga 2024 wissen m\u00fcssen, damit Sie nichts verpassen: Termine, Programm, Aktivit\u00e4ten, Konzerte usw.","og_url":"https:\/\/flamencomalaga.com\/de\/blog\/flamenco-festival-malaga-2024\/","og_site_name":"Flamenco Alegr\u00eda","article_publisher":"https:\/\/www.facebook.com\/alegriaflamencomalaga\/?locale=es_ES","article_published_time":"2024-06-26T13:10:16+00:00","article_modified_time":"2024-07-19T07:59:59+00:00","og_image":[{"width":1080,"height":340,"url":"https:\/\/flamencomalaga.com\/wp-content\/uploads\/2024\/06\/festival-flamenco-malaga.jpg","type":"image\/jpeg"}],"author":"jacinto","twitter_card":"summary_large_image","twitter_misc":{"Verfasst von":"jacinto","Gesch\u00e4tzte Lesezeit":"3\u00a0Minute"},"schema":{"@context":"https:\/\/schema.org","@graph":[{"@type":"Article","@id":"https:\/\/flamencomalaga.com\/de\/blog\/flamenco-festival-malaga-2024\/#article","isPartOf":{"@id":"https:\/\/flamencomalaga.com\/de\/blog\/flamenco-festival-malaga-2024\/"},"author":{"name":"jacinto","@id":"https:\/\/flamencomalaga.com\/de\/#\/schema\/person\/f24ed06767c15d0a72ee06a7e3c01fc8"},"headline":"Flamenco Festival Malaga 2024","datePublished":"2024-06-26T13:10:16+00:00","dateModified":"2024-07-19T07:59:59+00:00","mainEntityOfPage":{"@id":"https:\/\/flamencomalaga.com\/de\/blog\/flamenco-festival-malaga-2024\/"},"wordCount":524,"publisher":{"@id":"https:\/\/flamencomalaga.com\/de\/#organization"},"image":{"@id":"https:\/\/flamencomalaga.com\/de\/blog\/flamenco-festival-malaga-2024\/#primaryimage"},"thumbnailUrl":"https:\/\/flamencomalaga.com\/wp-content\/uploads\/2024\/06\/festival-flamenco-malaga.jpg?wsr","articleSection":["Unkategorisiert"],"inLanguage":"de"},{"@type":"WebPage","@id":"https:\/\/flamencomalaga.com\/de\/blog\/flamenco-festival-malaga-2024\/","url":"https:\/\/flamencomalaga.com\/de\/blog\/flamenco-festival-malaga-2024\/","name":"Flamenco Festival Malaga 2024 | Flamenco Malaga","isPartOf":{"@id":"https:\/\/flamencomalaga.com\/de\/#website"},"primaryImageOfPage":{"@id":"https:\/\/flamencomalaga.com\/de\/blog\/flamenco-festival-malaga-2024\/#primaryimage"},"image":{"@id":"https:\/\/flamencomalaga.com\/de\/blog\/flamenco-festival-malaga-2024\/#primaryimage"},"thumbnailUrl":"https:\/\/flamencomalaga.com\/wp-content\/uploads\/2024\/06\/festival-flamenco-malaga.jpg?wsr","datePublished":"2024-06-26T13:10:16+00:00","dateModified":"2024-07-19T07:59:59+00:00","description":"Wir sagen Ihnen alles, was Sie \u00fcber das Festival Malaga 2024 wissen m\u00fcssen, damit Sie nichts verpassen: Termine, Programm, Aktivit\u00e4ten, Konzerte usw.","breadcrumb":{"@id":"https:\/\/flamencomalaga.com\/de\/blog\/flamenco-festival-malaga-2024\/#breadcrumb"},"inLanguage":"de","potentialAction":[{"@type":"ReadAction","target":["https:\/\/flamencomalaga.com\/de\/blog\/flamenco-festival-malaga-2024\/"]}]},{"@type":"ImageObject","inLanguage":"de","@id":"https:\/\/flamencomalaga.com\/de\/blog\/flamenco-festival-malaga-2024\/#primaryimage","url":"https:\/\/flamencomalaga.com\/wp-content\/uploads\/2024\/06\/festival-flamenco-malaga.jpg?wsr","contentUrl":"https:\/\/flamencomalaga.com\/wp-content\/uploads\/2024\/06\/festival-flamenco-malaga.jpg?wsr","width":1080,"height":340,"caption":"Festival de flamenco en M\u00e1laga"},{"@type":"BreadcrumbList","@id":"https:\/\/flamencomalaga.com\/de\/blog\/flamenco-festival-malaga-2024\/#breadcrumb","itemListElement":[{"@type":"ListItem","position":1,"name":"Startseite","item":"https:\/\/flamencomalaga.com\/de\/"},{"@type":"ListItem","position":2,"name":"Flamenco Festival Malaga 2024"}]},{"@type":"WebSite","@id":"https:\/\/flamencomalaga.com\/de\/#website","url":"https:\/\/flamencomalaga.com\/de\/","name":"Flamenco Alegr\u00eda y Gastronomia","description":"","publisher":{"@id":"https:\/\/flamencomalaga.com\/de\/#organization"},"alternateName":"Flamenco Alegr\u00eda","potentialAction":[{"@type":"SearchAction","target":{"@type":"EntryPoint","urlTemplate":"https:\/\/flamencomalaga.com\/de\/?s={search_term_string}"},"query-input":{"@type":"PropertyValueSpecification","valueRequired":true,"valueName":"search_term_string"}}],"inLanguage":"de"},{"@type":"Organization","@id":"https:\/\/flamencomalaga.com\/de\/#organization","name":"Flamenco Alegr\u00eda","alternateName":"Alegr\u00eda - Flamenco y Gastronom\u00eda","url":"https:\/\/flamencomalaga.com\/de\/","logo":{"@type":"ImageObject","inLanguage":"de","@id":"https:\/\/flamencomalaga.com\/de\/#\/schema\/logo\/image\/","url":"https:\/\/flamencomalaga.com\/wp-content\/uploads\/2024\/07\/flamenco-malaga_logo.png?wsr","contentUrl":"https:\/\/flamencomalaga.com\/wp-content\/uploads\/2024\/07\/flamenco-malaga_logo.png?wsr","width":166,"height":85,"caption":"Flamenco Alegr\u00eda"},"image":{"@id":"https:\/\/flamencomalaga.com\/de\/#\/schema\/logo\/image\/"},"sameAs":["https:\/\/www.facebook.com\/alegriaflamencomalaga\/?locale=es_ES","https:\/\/www.instagram.com\/flamencomalagaalegria","https:\/\/www.tiktok.com\/@flamencomalaga"]},{"@type":"Person","@id":"https:\/\/flamencomalaga.com\/de\/#\/schema\/person\/f24ed06767c15d0a72ee06a7e3c01fc8","name":"jacinto","image":{"@type":"ImageObject","inLanguage":"de","@id":"https:\/\/secure.gravatar.com\/avatar\/be9e27bc927e6bdef9e9f8e2560ad975ebc1a341b34619fc9295577418cb58cb?s=96&d=mm&r=g","url":"https:\/\/secure.gravatar.com\/avatar\/be9e27bc927e6bdef9e9f8e2560ad975ebc1a341b34619fc9295577418cb58cb?s=96&d=mm&r=g","contentUrl":"https:\/\/secure.gravatar.com\/avatar\/be9e27bc927e6bdef9e9f8e2560ad975ebc1a341b34619fc9295577418cb58cb?s=96&d=mm&r=g","caption":"jacinto"}}]}},"_links":{"self":[{"href":"https:\/\/flamencomalaga.com\/de\/wp-json\/wp\/v2\/posts\/20720","targetHints":{"allow":["GET"]}}],"collection":[{"href":"https:\/\/flamencomalaga.com\/de\/wp-json\/wp\/v2\/posts"}],"about":[{"href":"https:\/\/flamencomalaga.com\/de\/wp-json\/wp\/v2\/types\/post"}],"author":[{"embeddable":true,"href":"https:\/\/flamencomalaga.com\/de\/wp-json\/wp\/v2\/users\/8"}],"replies":[{"embeddable":true,"href":"https:\/\/flamencomalaga.com\/de\/wp-json\/wp\/v2\/comments?post=20720"}],"version-history":[{"count":0,"href":"https:\/\/flamencomalaga.com\/de\/wp-json\/wp\/v2\/posts\/20720\/revisions"}],"wp:featuredmedia":[{"embeddable":true,"href":"https:\/\/flamencomalaga.com\/de\/wp-json\/wp\/v2\/media\/20709"}],"wp:attachment":[{"href":"https:\/\/flamencomalaga.com\/de\/wp-json\/wp\/v2\/media?parent=20720"}],"wp:term":[{"taxonomy":"category","embeddable":true,"href":"https:\/\/flamencomalaga.com\/de\/wp-json\/wp\/v2\/categories?post=20720"},{"taxonomy":"post_tag","embeddable":true,"href":"https:\/\/flamencomalaga.com\/de\/wp-json\/wp\/v2\/tags?post=20720"}],"curies":[{"name":"wp","href":"https:\/\/api.w.org\/{rel}","templated":true}]}}